{"id":118684,"date":"2021-06-16T10:03:32","date_gmt":"2021-06-16T14:03:32","guid":{"rendered":"https:\/\/linitiative.ca\/International\/oncf-un-tarif-special-mre\/"},"modified":"2021-06-16T10:03:32","modified_gmt":"2021-06-16T14:03:32","slug":"oncf-un-tarif-special-mre","status":"publish","type":"post","link":"https:\/\/linitiative.ca\/International\/oncf-un-tarif-special-mre\/","title":{"rendered":"ONCF: Un tarif sp\u00e9cial MRE"},"content":{"rendered":"<p class=\"rtejustify\">L&rsquo;Office national des chemins de fer (ONCF) se mobilise aussi pour l\u2019accueil des Marocains r\u00e9sidant \u00e0 l\u2019\u00e9tranger (MRE).<\/p>\n<p class=\"rtejustify\">Il a lanc\u00e9, mardi, un plan sp\u00e9cial \u00ab\u00a0MRE\u00a0\u00bb avec des offres de trains renforc\u00e9es et un tarif sp\u00e9cial, en application des instructions donn\u00e9es par le Roi. \u00ab\u00a0D\u00e8s le mardi 15 juin, l\u2019ONCF a renforc\u00e9 son plan de transport par la programmation de trains sp\u00e9ciaux, notamment au d\u00e9part des principaux points d\u2019entr\u00e9e des MRE, maritimes et a\u00e9riens\u00a0\u00bb, indique l&rsquo;Office mercredi dans un communiqu\u00e9.<\/p>\n<p class=\"rtejustify\">Quelque 21 trains sont disponibles par jour au d\u00e9part de Tanger vers le Sud (Rabat, Casablanca et Marrakech) et vers l\u2019Oriental (F\u00e8s, Nador et Oujda), en plus de la liaison au d\u00e9part de l\u2019a\u00e9roport international Mohammed V vers Casablanca dont la desserte sera assur\u00e9e par 10 trains avec une cadence de 2h couvrant toute la journ\u00e9e de 5h \u00e0 23h, pr\u00e9cise l\u2019Office.<\/p>\n<p class=\"rtejustify\">Par ailleurs, les MRE b\u00e9n\u00e9ficient d\u2019un tarif de bienvenue d\u00e9nomm\u00e9 AHLAN, qui leur offre une r\u00e9duction de 50% sur le billet aller\/retour de et vers toutes les destinations ferroviaires et \u00e0 bord de tous les trains Al-Boraq, Al-Atlas et TNR.<\/p>\n<p class=\"rtejustify\">\u00a0<\/p>\n<p class=\"rtejustify\">\u00a0<\/p>\n<p>Auteur: mbasraoui<br \/>\n<a href=\"https:\/\/www.leconomiste.com\/flash-infos\/oncf-un-tarif-special-mre\">Cliquez ici pour lire l&rsquo;article depuis sa source.<\/a><\/p>\n","protected":false},"excerpt":{"rendered":"<p>L&rsquo;Office national des chemins de fer (ONCF) se mobilise aussi pour l\u2019accueil des Marocains r\u00e9sidant \u00e0 l\u2019\u00e9tranger (MRE). Il a lanc\u00e9, mardi, un plan sp\u00e9cial \u00ab\u00a0MRE\u00a0\u00bb avec des offres de trains renforc\u00e9es et un tarif sp\u00e9cial, en application des instructions donn\u00e9es par le Roi. \u00ab\u00a0D\u00e8s le mardi 15 juin, l\u2019ONCF a renforc\u00e9 son plan de [&hellip;]<\/p>\n","protected":false},"author":1763,"featured_media":0,"comment_status":"closed","ping_status":"closed","sticky":false,"template":"","format":"standard","meta":{"fifu_image_url":"","fifu_image_alt":"","footnotes":""},"categories":[78,54],"tags":[],"class_list":["post-118684","post","type-post","status-publish","format-standard","hentry","category-economie","category-maroc"],"_links":{"self":[{"href":"https:\/\/linitiative.ca\/International\/wp-json\/wp\/v2\/posts\/118684","targetHints":{"allow":["GET"]}}],"collection":[{"href":"https:\/\/linitiative.ca\/International\/wp-json\/wp\/v2\/posts"}],"about":[{"href":"https:\/\/linitiative.ca\/International\/wp-json\/wp\/v2\/types\/post"}],"author":[{"embeddable":true,"href":"https:\/\/linitiative.ca\/International\/wp-json\/wp\/v2\/users\/1763"}],"replies":[{"embeddable":true,"href":"https:\/\/linitiative.ca\/International\/wp-json\/wp\/v2\/comments?post=118684"}],"version-history":[{"count":0,"href":"https:\/\/linitiative.ca\/International\/wp-json\/wp\/v2\/posts\/118684\/revisions"}],"wp:attachment":[{"href":"https:\/\/linitiative.ca\/International\/wp-json\/wp\/v2\/media?parent=118684"}],"wp:term":[{"taxonomy":"category","embeddable":true,"href":"https:\/\/linitiative.ca\/International\/wp-json\/wp\/v2\/categories?post=118684"},{"taxonomy":"post_tag","embeddable":true,"href":"https:\/\/linitiative.ca\/International\/wp-json\/wp\/v2\/tags?post=118684"}],"curies":[{"name":"wp","href":"https:\/\/api.w.org\/{rel}","templated":true}]}}