{"id":118685,"date":"2021-06-16T10:24:55","date_gmt":"2021-06-16T14:24:55","guid":{"rendered":"https:\/\/linitiative.ca\/International\/accueil-mre-accor-se-mobilise\/"},"modified":"2021-06-16T10:24:55","modified_gmt":"2021-06-16T14:24:55","slug":"accueil-mre-accor-se-mobilise","status":"publish","type":"post","link":"https:\/\/linitiative.ca\/International\/accueil-mre-accor-se-mobilise\/","title":{"rendered":"Accueil MRE: Accor se mobilise"},"content":{"rendered":"<p class=\"rtejustify\">Accor s\u2019engage aussi pour faciliter le s\u00e9jour des Marocains r\u00e9sidant \u00e0 l\u2019\u00e9tranger (MRE). La cha\u00eene h\u00f4teli\u00e8re annonce la mise en place d\u2019un dispositif permettant aux MRE de b\u00e9n\u00e9ficier d\u2019une remise de 30% sur ses tarifs publics.<\/p>\n<p class=\"rtejustify\">L\u2019offre comprend aussi d\u2019autres avantages : petit-d\u00e9jeuner offert, gratuit\u00e9 en chambre pour un enfant. Cette promotion concerne toutes les marques du groupe et toutes les villes au Maroc: Fairmont, Sofitel, MGallery, Pullman, Movenpick, Mercure, Novotel, ibis et ibis budget, selon le groupe. Les clients cibl\u00e9s pourront en b\u00e9n\u00e9ficier pour des s\u00e9jours jusqu\u2019au 15 septembre 2021 en r\u00e9servant via la plate-forme All.accor.com ou en contactant directement l\u2019h\u00f4tel au plus tard 24h avant le d\u00e9but du s\u00e9jour, pr\u00e9cise le groupe.<\/p>\n<p class=\"rtejustify\">Ces derniers peuvent aussi red\u00e9couvrir le Royaume \u00e0 travers l\u2019initiative #ALLFBLADNA lanc\u00e9e par le groupe pour mettre en lumi\u00e8re la diversit\u00e9 des terroirs et territoires du Maroc.<\/p>\n<p class=\"rtejustify\">\u00a0<\/p>\n<p>Auteur: mbasraoui<br \/>\n<a href=\"https:\/\/www.leconomiste.com\/flash-infos\/accueil-mre-accor-se-mobilise\">Cliquez ici pour lire l&rsquo;article depuis sa source.<\/a><\/p>\n","protected":false},"excerpt":{"rendered":"<p>Accor s\u2019engage aussi pour faciliter le s\u00e9jour des Marocains r\u00e9sidant \u00e0 l\u2019\u00e9tranger (MRE). La cha\u00eene h\u00f4teli\u00e8re annonce la mise en place d\u2019un dispositif permettant aux MRE de b\u00e9n\u00e9ficier d\u2019une remise de 30% sur ses tarifs publics. L\u2019offre comprend aussi d\u2019autres avantages : petit-d\u00e9jeuner offert, gratuit\u00e9 en chambre pour un enfant. Cette promotion concerne toutes les [&hellip;]<\/p>\n","protected":false},"author":1763,"featured_media":0,"comment_status":"closed","ping_status":"closed","sticky":false,"template":"","format":"standard","meta":{"fifu_image_url":"","fifu_image_alt":"","footnotes":""},"categories":[78,54],"tags":[],"class_list":["post-118685","post","type-post","status-publish","format-standard","hentry","category-economie","category-maroc"],"_links":{"self":[{"href":"https:\/\/linitiative.ca\/International\/wp-json\/wp\/v2\/posts\/118685","targetHints":{"allow":["GET"]}}],"collection":[{"href":"https:\/\/linitiative.ca\/International\/wp-json\/wp\/v2\/posts"}],"about":[{"href":"https:\/\/linitiative.ca\/International\/wp-json\/wp\/v2\/types\/post"}],"author":[{"embeddable":true,"href":"https:\/\/linitiative.ca\/International\/wp-json\/wp\/v2\/users\/1763"}],"replies":[{"embeddable":true,"href":"https:\/\/linitiative.ca\/International\/wp-json\/wp\/v2\/comments?post=118685"}],"version-history":[{"count":0,"href":"https:\/\/linitiative.ca\/International\/wp-json\/wp\/v2\/posts\/118685\/revisions"}],"wp:attachment":[{"href":"https:\/\/linitiative.ca\/International\/wp-json\/wp\/v2\/media?parent=118685"}],"wp:term":[{"taxonomy":"category","embeddable":true,"href":"https:\/\/linitiative.ca\/International\/wp-json\/wp\/v2\/categories?post=118685"},{"taxonomy":"post_tag","embeddable":true,"href":"https:\/\/linitiative.ca\/International\/wp-json\/wp\/v2\/tags?post=118685"}],"curies":[{"name":"wp","href":"https:\/\/api.w.org\/{rel}","templated":true}]}}