{"id":118686,"date":"2021-06-16T11:13:29","date_gmt":"2021-06-16T15:13:29","guid":{"rendered":"https:\/\/linitiative.ca\/International\/lammc-lance-un-prix-de-la-recherche\/"},"modified":"2021-06-16T11:13:29","modified_gmt":"2021-06-16T15:13:29","slug":"lammc-lance-un-prix-de-la-recherche","status":"publish","type":"post","link":"https:\/\/linitiative.ca\/International\/lammc-lance-un-prix-de-la-recherche\/","title":{"rendered":"L&rsquo;AMMC lance un prix de la recherche"},"content":{"rendered":"<p class=\"rtejustify\">L\u2019Autorit\u00e9 marocaine du march\u00e9 des capitaux (AMMC), lance, avec l\u2019appui de son Conseil scientifique, le prix AMMC de la recherche pour soutenir et encourager la recherche acad\u00e9mique sur des th\u00e8mes relatifs au\u00a0march\u00e9 des capitaux.<\/p>\n<p class=\"rtejustify\">Cette distinction primera les chercheurs dont les travaux contribuent \u00e0 faire avancer la recherche dans divers domaines (financement \u00e0 long terme via les march\u00e9s ;\u00a0liquidit\u00e9 et valorisation des instruments financiers ;\u00a0march\u00e9 \u00e0 terme et chambre de compensation ; gestion d\u2019actifs ;\u00a0microstructure des march\u00e9s financiers ; fintechs et march\u00e9s financiers (ICO, crypto-actifs \u2026) ; finance participative.<\/p>\n<p class=\"rtejustify\">Sont ainsi \u00e9ligibles au prix AMMC de la recherche, les doctorants ou titulaires d\u2019un doctorat de nationalit\u00e9 marocaine \u00e2g\u00e9s\u00a0de moins de 40 ans, et affili\u00e9s \u00e0 une institution acad\u00e9mique au Maroc ou \u00e0 l\u2019\u00e9tranger ou de nationalit\u00e9 \u00e9trang\u00e8re et affili\u00e9s \u00e0 une institution acad\u00e9mique au Maroc.<\/p>\n<p>Auteur: hgueye<br \/>\n<a href=\"https:\/\/www.leconomiste.com\/flash-infos\/l-ammc-lance-un-prix-de-la-recherche\">Cliquez ici pour lire l&rsquo;article depuis sa source.<\/a><\/p>\n","protected":false},"excerpt":{"rendered":"<p>L\u2019Autorit\u00e9 marocaine du march\u00e9 des capitaux (AMMC), lance, avec l\u2019appui de son Conseil scientifique, le prix AMMC de la recherche pour soutenir et encourager la recherche acad\u00e9mique sur des th\u00e8mes relatifs au\u00a0march\u00e9 des capitaux. Cette distinction primera les chercheurs dont les travaux contribuent \u00e0 faire avancer la recherche dans divers domaines (financement \u00e0 long terme [&hellip;]<\/p>\n","protected":false},"author":1763,"featured_media":0,"comment_status":"closed","ping_status":"closed","sticky":false,"template":"","format":"standard","meta":{"fifu_image_url":"","fifu_image_alt":"","footnotes":""},"categories":[78,54],"tags":[],"class_list":["post-118686","post","type-post","status-publish","format-standard","hentry","category-economie","category-maroc"],"_links":{"self":[{"href":"https:\/\/linitiative.ca\/International\/wp-json\/wp\/v2\/posts\/118686","targetHints":{"allow":["GET"]}}],"collection":[{"href":"https:\/\/linitiative.ca\/International\/wp-json\/wp\/v2\/posts"}],"about":[{"href":"https:\/\/linitiative.ca\/International\/wp-json\/wp\/v2\/types\/post"}],"author":[{"embeddable":true,"href":"https:\/\/linitiative.ca\/International\/wp-json\/wp\/v2\/users\/1763"}],"replies":[{"embeddable":true,"href":"https:\/\/linitiative.ca\/International\/wp-json\/wp\/v2\/comments?post=118686"}],"version-history":[{"count":0,"href":"https:\/\/linitiative.ca\/International\/wp-json\/wp\/v2\/posts\/118686\/revisions"}],"wp:attachment":[{"href":"https:\/\/linitiative.ca\/International\/wp-json\/wp\/v2\/media?parent=118686"}],"wp:term":[{"taxonomy":"category","embeddable":true,"href":"https:\/\/linitiative.ca\/International\/wp-json\/wp\/v2\/categories?post=118686"},{"taxonomy":"post_tag","embeddable":true,"href":"https:\/\/linitiative.ca\/International\/wp-json\/wp\/v2\/tags?post=118686"}],"curies":[{"name":"wp","href":"https:\/\/api.w.org\/{rel}","templated":true}]}}