{"id":118692,"date":"2021-06-16T10:00:27","date_gmt":"2021-06-16T14:00:27","guid":{"rendered":"https:\/\/linitiative.ca\/International\/une-plateforme-numerique-de-services-juridiques-au-profit-des-mre\/"},"modified":"2021-06-16T10:00:27","modified_gmt":"2021-06-16T14:00:27","slug":"une-plateforme-numerique-de-services-juridiques-au-profit-des-mre","status":"publish","type":"post","link":"https:\/\/linitiative.ca\/International\/une-plateforme-numerique-de-services-juridiques-au-profit-des-mre\/","title":{"rendered":"Une plateforme num\u00e9rique de services juridiques au profit des MRE"},"content":{"rendered":"<p class=\"c4\">Une plateforme num\u00e9rique offrant des services juridiques et judiciaires \u00e0 distance au profit des Marocains r\u00e9sidant \u00e0 l\u2019\u00e9tranger (MRE) a \u00e9t\u00e9 mise en place par le minist\u00e8re d\u00e9l\u00e9gu\u00e9 charg\u00e9 des MRE, devant couvrir la p\u00e9riode allant du 15 juin au 15 septembre 2021.<\/p>\n<p class=\"c4\">Cette plateforme, lanc\u00e9e mercredi \u00e0 Rabat, a \u00e9t\u00e9 initi\u00e9e dans le cadre de la Haute sollicitude dont SM le Roi Mohammed VI entoure les MRE, en vue de pr\u00e9server leurs int\u00e9r\u00eats et consolider leurs liens avec la M\u00e8re-Patrie, et intervient dans le sillage du chantier de la digitalisation des prestations offertes \u00e0 cette cat\u00e9gorie, indique le minist\u00e8re d\u00e9l\u00e9gu\u00e9 dans un communiqu\u00e9.<\/p>\n<p class=\"c4\">Accessible \u00e0 travers le lien \u00ab\u00a0http:\/\/www.mdcmre.rdv.gov.ma\u00a0\u00bb, cette plateforme a \u00e9t\u00e9 r\u00e9alis\u00e9e en collaboration avec le minist\u00e8re de la Justice, le Conseil sup\u00e9rieur du pouvoir judiciaire (CSPJ), la pr\u00e9sidence du Minist\u00e8re public et l\u2019Agence du d\u00e9veloppement digital (ADD), selon la m\u00eame source.<\/p>\n<p class=\"c4\">Elle intervient \u00e9galement dans le cadre des mesures prises pour lutter contre la propagation du virus de la Covid-19 et assurer la continuit\u00e9 des services juridiques et judiciaires fournis aux MRE par les diff\u00e9rents intervenants dans le domaine judiciaire (minist\u00e8re, CSPJ et pr\u00e9sidence du Minist\u00e8re public).<\/p>\n<p class=\"c4\">Fruit d\u2019efforts et d\u2019une coop\u00e9ration permanente et \u00e9troite entre le minist\u00e8re d\u00e9l\u00e9gu\u00e9 charg\u00e9 des MRE et l\u2019ADD, la plateforme doit permettre aux Marocains r\u00e9sidant \u00e0 l\u2019\u00e9tranger n\u2019ayant pas pu rentrer au Maroc, en raison des conditions actuelles impos\u00e9es par la pand\u00e9mie de la Covid-19, la prise de rendez-vous \u00e0 distance et la communication par visioconf\u00e9rence avec les magistrats du CSPJ et de la pr\u00e9sidence du Minist\u00e8re public, ainsi qu\u2019avec les fonctionnaires du minist\u00e8re de la justice et du minist\u00e8re d\u00e9l\u00e9gu\u00e9 charg\u00e9 des MRE, afin de b\u00e9n\u00e9ficier des services juridiques et judiciaires lors de la p\u00e9riode pr\u00e9cit\u00e9e.<\/p>\n<p class=\"c4\">La cr\u00e9ation de cette plateforme intervient dans le cadre de la mise en \u0153uvre d\u2019une recommandation du Comit\u00e9 technique issu de la commission minist\u00e9rielle pour les affaires des MRE et de la migration, lors de sa 8\u00e8 r\u00e9union tenue le 19 mai 2021, relative \u00e0 la mise en place d\u2019une plateforme num\u00e9rique pour offrir des prestations juridiques et judiciaires \u00e0 distance aux MRE en vue de l\u2019accompagnement de leur s\u00e9jour estival, dans la perspective de la p\u00e9rennisation de cette plateforme, avec la cr\u00e9ation d\u2019une commission centrale ad-hoc, conclut le communiqu\u00e9.<\/p>\n<p>Auteur: Soufiane ELAHMAR<br \/>\n<a href=\"http:\/\/www.mapoujda.ma\/fr\/une-plateforme-numerique-de-services-juridiques-au-profit-des-mre\/\">Cliquez ici pour lire l&rsquo;article depuis sa source.<\/a><\/p>\n","protected":false},"excerpt":{"rendered":"<p>Une plateforme num\u00e9rique offrant des services juridiques et judiciaires \u00e0 distance au profit des Marocains r\u00e9sidant \u00e0 l\u2019\u00e9tranger (MRE) a \u00e9t\u00e9 mise en place par le minist\u00e8re d\u00e9l\u00e9gu\u00e9 charg\u00e9 des MRE, devant couvrir la p\u00e9riode allant du 15 juin au 15 septembre 2021. Cette plateforme, lanc\u00e9e mercredi \u00e0 Rabat, a \u00e9t\u00e9 initi\u00e9e dans le cadre [&hellip;]<\/p>\n","protected":false},"author":1788,"featured_media":0,"comment_status":"closed","ping_status":"closed","sticky":false,"template":"","format":"standard","meta":{"fifu_image_url":"","fifu_image_alt":"","footnotes":""},"categories":[54,76],"tags":[],"class_list":["post-118692","post","type-post","status-publish","format-standard","hentry","category-maroc","category-regions"],"_links":{"self":[{"href":"https:\/\/linitiative.ca\/International\/wp-json\/wp\/v2\/posts\/118692","targetHints":{"allow":["GET"]}}],"collection":[{"href":"https:\/\/linitiative.ca\/International\/wp-json\/wp\/v2\/posts"}],"about":[{"href":"https:\/\/linitiative.ca\/International\/wp-json\/wp\/v2\/types\/post"}],"author":[{"embeddable":true,"href":"https:\/\/linitiative.ca\/International\/wp-json\/wp\/v2\/users\/1788"}],"replies":[{"embeddable":true,"href":"https:\/\/linitiative.ca\/International\/wp-json\/wp\/v2\/comments?post=118692"}],"version-history":[{"count":0,"href":"https:\/\/linitiative.ca\/International\/wp-json\/wp\/v2\/posts\/118692\/revisions"}],"wp:attachment":[{"href":"https:\/\/linitiative.ca\/International\/wp-json\/wp\/v2\/media?parent=118692"}],"wp:term":[{"taxonomy":"category","embeddable":true,"href":"https:\/\/linitiative.ca\/International\/wp-json\/wp\/v2\/categories?post=118692"},{"taxonomy":"post_tag","embeddable":true,"href":"https:\/\/linitiative.ca\/International\/wp-json\/wp\/v2\/tags?post=118692"}],"curies":[{"name":"wp","href":"https:\/\/api.w.org\/{rel}","templated":true}]}}