{"id":118693,"date":"2021-06-16T15:14:21","date_gmt":"2021-06-16T19:14:21","guid":{"rendered":"https:\/\/linitiative.ca\/International\/pros-barca-mahrez-nest-pas-une-priorite-pour-laporta\/"},"modified":"2021-06-16T15:14:21","modified_gmt":"2021-06-16T19:14:21","slug":"pros-barca-mahrez-nest-pas-une-priorite-pour-laporta","status":"publish","type":"post","link":"https:\/\/linitiative.ca\/International\/pros-barca-mahrez-nest-pas-une-priorite-pour-laporta\/","title":{"rendered":"Pros : Bar\u00e7a : Mahrez n&rsquo;est pas une priorit\u00e9 pour Laporta"},"content":{"rendered":"<div readability=\"32\">\n<p>Auteur : <span class=\"time\">mercredi 16 juin 2021 12:53<\/span><\/p>\n<\/div>\n<div id=\"post_core\" readability=\"38\">\n<p>Dans l&rsquo;\u00e9mission Onze de TV3, le journaliste Oriol Dom\u00e8nech a r\u00e9v\u00e9l\u00e9 que les deux joueurs que la direction sportive du Bar\u00e7a appr\u00e9ciait le plus du c\u00f4t\u00e9 de Manchester City se nommaient Aymeric Laporte et Jo\u00e3o Cancelo. Si Riyad Mahrez et Bernardo Silva seraient bel et bien suivis par le club catalan, aucune offensive ne devrait intervenir pour l\u2019heure tant que le cas d\u2019Ousmane Demb\u00e9l\u00e9 n\u2019aura pas \u00e9t\u00e9 r\u00e9gl\u00e9 comme le souligne Le10sport. Sous contrat jusqu\u2019en juin 2022, l\u2019international fran\u00e7ais tarde \u00e0 trancher pour une \u00e9ventuelle prolongation et pourrait alors servir de monnaie d\u2019\u00e9change dans l\u2019un de ces dossiers.<\/p>\n<p><strong>Publi\u00e9 dans :<\/strong> <span>Mahrez<\/span><\/p>\n<\/div>\n<p>Auteur:<br \/>\n<a href=\"http:\/\/www.lebuteur.com\/article\/detail?titre=barca-mahrez-nest-pas-une-priorite-pour-laporta&#038;id=100392&#038;utm_source=feedburner&#038;utm_medium=feed&#038;utm_campaign=Feed%3A+GalerieFArtciles+%28Les+derniers+articles++-+lebuteur.com%29\">Cliquez ici pour lire l&rsquo;article depuis sa source.<\/a><\/p>\n","protected":false},"excerpt":{"rendered":"<p>Auteur : mercredi 16 juin 2021 12:53 Dans l&rsquo;\u00e9mission Onze de TV3, le journaliste Oriol Dom\u00e8nech a r\u00e9v\u00e9l\u00e9 que les deux joueurs que la direction sportive du Bar\u00e7a appr\u00e9ciait le plus du c\u00f4t\u00e9 de Manchester City se nommaient Aymeric Laporte et Jo\u00e3o Cancelo. Si Riyad Mahrez et Bernardo Silva seraient bel et bien suivis par [&hellip;]<\/p>\n","protected":false},"author":1738,"featured_media":0,"comment_status":"closed","ping_status":"closed","sticky":false,"template":"","format":"standard","meta":{"fifu_image_url":"\/\/cdn.lebuteur.com\/data\/images\/article\/thumbs\/large-barca-mahrez-nest-pas-une-priorite-pour-laporta-b7e5d.jpg","fifu_image_alt":"Pros : Bar\u00e7a : Mahrez n'est pas une priorit\u00e9 pour Laporta","footnotes":""},"categories":[53,75],"tags":[],"class_list":["post-118693","post","type-post","status-publish","format-standard","hentry","category-algerie","category-sport"],"_links":{"self":[{"href":"https:\/\/linitiative.ca\/International\/wp-json\/wp\/v2\/posts\/118693","targetHints":{"allow":["GET"]}}],"collection":[{"href":"https:\/\/linitiative.ca\/International\/wp-json\/wp\/v2\/posts"}],"about":[{"href":"https:\/\/linitiative.ca\/International\/wp-json\/wp\/v2\/types\/post"}],"author":[{"embeddable":true,"href":"https:\/\/linitiative.ca\/International\/wp-json\/wp\/v2\/users\/1738"}],"replies":[{"embeddable":true,"href":"https:\/\/linitiative.ca\/International\/wp-json\/wp\/v2\/comments?post=118693"}],"version-history":[{"count":0,"href":"https:\/\/linitiative.ca\/International\/wp-json\/wp\/v2\/posts\/118693\/revisions"}],"wp:attachment":[{"href":"https:\/\/linitiative.ca\/International\/wp-json\/wp\/v2\/media?parent=118693"}],"wp:term":[{"taxonomy":"category","embeddable":true,"href":"https:\/\/linitiative.ca\/International\/wp-json\/wp\/v2\/categories?post=118693"},{"taxonomy":"post_tag","embeddable":true,"href":"https:\/\/linitiative.ca\/International\/wp-json\/wp\/v2\/tags?post=118693"}],"curies":[{"name":"wp","href":"https:\/\/api.w.org\/{rel}","templated":true}]}}