{"id":118700,"date":"2021-06-16T05:49:59","date_gmt":"2021-06-16T09:49:59","guid":{"rendered":"https:\/\/linitiative.ca\/International\/le-desaveu-populaire-confirme\/"},"modified":"2021-06-16T05:49:59","modified_gmt":"2021-06-16T09:49:59","slug":"le-desaveu-populaire-confirme","status":"publish","type":"post","link":"https:\/\/linitiative.ca\/International\/le-desaveu-populaire-confirme\/","title":{"rendered":"Le d\u00e9saveu populaire confirm\u00e9"},"content":{"rendered":"<h4 class=\"title-14\">l\u2019ANIE a rendu publics hier les r\u00e9sultats des l\u00e9gislatives du 12 juin<\/h4>\n<div class=\"featured_image\"><img loading=\"lazy\" decoding=\"async\" width=\"1970\" height=\"2104\" src=\"https:\/\/www.elwatan.com\/wp-content\/uploads\/2021\/06\/chorfi-souhil.gif\" class=\"attachment-post-thumbnail size-post-thumbnail wp-post-image\" alt=\"\"\/> <span class=\"featured-image-caption\">Photo : B. Souhil \/ Mohamed Charfi, hier, lors du point de presse au C IC<\/span><\/div>\n<p class=\"p4\"><span class=\"s3\"><strong>Plus de 18 millions d\u2019\u00e9lecteurs ont boud\u00e9 les urnes lors des derni\u00e8res l\u00e9gislatives.<\/strong><\/span> <span class=\"s3\"><strong>La future Assembl\u00e9e populaires nationale (APN) a \u00e9t\u00e9 \u00e9lue par 4,6 millions d\u2019\u00e9lecteurs. Le FLN arrive en t\u00eate avec 105 si\u00e8ges, loin devant les ind\u00e9pendants (78 si\u00e8ges), le MSP (64 si\u00e8ges) et le RND (58 si\u00e8ges).<\/strong><\/span><\/p>\n<p class=\"p4\"><span class=\"s3\"><strong>L<\/strong><\/span>es r\u00e9sultats provisoires des l\u00e9gislatives du 12 juin ont \u00e9t\u00e9 enfin communiqu\u00e9s par le pr\u00e9sident de l\u2019Autorit\u00e9 nationale ind\u00e9pendante des \u00e9lections (ANIE), Mohamed Charfi, lors d\u2019une conf\u00e9rence de presse, retard\u00e9e de plus de trois heures, anim\u00e9e hier \u00e0 Alger. Attendus depuis trois jours, les r\u00e9sultats du dernier scrutin n\u2019ont pas r\u00e9v\u00e9l\u00e9 de surprises importantes. Ainsi concernant les votants, le pr\u00e9sident de l\u2019ANIE, qui a \u00e9vit\u00e9 de communiquer le taux officiel, a donn\u00e9 des chiffres contredisant largement celui de samedi, en \u00e9voquant un <em>\u00abtaux moyen de participation de 30%\u00bb<\/em>.<\/p>\n<p class=\"p7\">Finalement, le taux de participation \u00e9tait m\u00eame inf\u00e9rieur \u00e0 celui enregistr\u00e9 \u00e0 l\u2019occasion du r\u00e9f\u00e9rendum sur la r\u00e9vision de la Constitution du 1<sup>er<\/sup> novembre dernier (23,7%). Pour ces l\u00e9gislatives, seulement 23,03% des \u00e9lecteurs ont vot\u00e9, soit 5,6 millions d\u2019\u00e9lecteurs. Sur la totalit\u00e9 des votants, plus d\u2019un million de bulletins ont \u00e9t\u00e9 annul\u00e9s. De ce fait, la nouvelle Assembl\u00e9e populaire nationale (APN) a \u00e9t\u00e9 \u00e9lue avec seulement 4,6 millions de voix exprim\u00e9es, alors que le corps \u00e9lectoral est compos\u00e9 de plus de 24,4 millions d\u2019\u00e9lecteurs. Plus de 18 millions d\u2019entre eux ont boud\u00e9 cette \u00e9lection.<\/p>\n<p class=\"p7\">Un v\u00e9ritable d\u00e9saveu. Mohamed Charfi a estim\u00e9 que <em>\u00abl\u2019Alg\u00e9rie vient d\u2019avoir un nouvel acquis institutionnel, en l\u2019occurrence la Chambre basse du Parlement\u00bb. \u00abLes contours de cette Assembl\u00e9e ont \u00e9t\u00e9 dessin\u00e9s par le peuple et elle marque le d\u00e9but d\u2019une nouvelle gouvernance pour l\u2019Alg\u00e9rie\u00bb<\/em>, a-t-il d\u00e9clar\u00e9. Mohamed Charfi a \u00e9vit\u00e9, tout au long de son intervention devant les journalistes, d\u2019\u00e9voquer l\u2019ampleur de l\u2019abstention qui enregistre un nouveau record historique.<\/p>\n<p class=\"p8\"><strong>Pas de majorit\u00e9 absolue<\/strong><\/p>\n<p class=\"p7\">Concernant les scores obtenus par les participants, il n\u2019y a pas eu de surprises palpables. Comme annonc\u00e9 depuis avant-hier, c\u2019est le parti du Front de lib\u00e9ration nationale (FLN) qui arrive en t\u00eate avec 105 si\u00e8ges. Une majorit\u00e9 relative qui ne lui permet pas de contr\u00f4ler, comme il le faisait par le pass\u00e9, la Chambre basse du Parlement. Ce parti, qui a \u00e9t\u00e9 violemment charg\u00e9 par le hirak du 22 F\u00e9vrier 2019, a, semble-t-il, profit\u00e9 de l\u2019abstention pour se maintenir en tant que <em>\u00abpremi\u00e8re force politique du pays\u00bb<\/em>.<\/p>\n<p class=\"p7\">Mais il y a laiss\u00e9 des plumes, puisqu\u2019il perd plus de 100 si\u00e8ges par rapport aux l\u00e9gislatives de 2017. Les r\u00e9sultats de ce scrutin font ressortir les ind\u00e9pendants comme deuxi\u00e8me force, avec 78 si\u00e8ges. Le parti islamiste du MSP a profit\u00e9, lui aussi, de cette \u00e9lection et am\u00e9liore sa position pour se classer \u00e0 la 3<sup>e<\/sup> place, avec 64 si\u00e8ges.<\/p>\n<p class=\"p7\">Mais il n\u2019a pas gagn\u00e9 les \u00e9lections, comme l\u2019avait soutenu son pr\u00e9sident, Abderrazak Makri, dimanche dernier. L\u2019autre parti du pouvoir qui a re\u00e7u beaucoup de coups durant les deux derni\u00e8res ann\u00e9es, en l\u2019occurrence le RND, arrive en 4<sup>e<\/sup> position, avec 57 si\u00e8ges. Il perd cependant plus de 40 si\u00e8ges, en comparaison avec ses r\u00e9sultats de 2017 (100 si\u00e8ges).<\/p>\n<p class=\"p7\">Cette \u00e9lection a profit\u00e9 au Front El Moustakbel de Abdelaziz Bela\u00efd qui obtient, en 5<sup>e<\/sup> position, 48 si\u00e8ges, d\u00e9passant El Bina, 6<sup>e<\/sup> avec 40 d\u00e9put\u00e9s. Le reste des si\u00e8ges a \u00e9t\u00e9 partag\u00e9 entre 7 formations politiques, \u00e0 savoir La Voix du peuple (3 si\u00e8ges), le Front de la bonne gouvernance (3 si\u00e8ges), le Parti de la justice et le d\u00e9veloppement (2 si\u00e8ges), le parti El Fadjr El Jadid (2 si\u00e8ges), le Front de l\u2019Alg\u00e9rie nouvelle (1 si\u00e8ge), le parti El Karama (1 si\u00e8ge) et Jil Jadid (1 si\u00e8ge).<\/p>\n<p><span class=\"post-views-label\">Post Views:<\/span> <span class=\"post-views-count\">2\u00a0676<\/span><\/p>\n<p><br class=\"c2\"\/><\/p>\n<div class=\"ichhar-moneytagnative c4\" id=\"ichhar-280709150\">\n<p>Advertisements<\/p>\n<\/div>\n<p><br class=\"c2\"\/><br \/>\n<br class=\"c5\"\/><\/p>\n<p>Auteur: Anis Khecheba<br \/>\n<a href=\"https:\/\/www.elwatan.com\/edition\/actualite\/le-desaveu-populaire-confirme-16-06-2021\">Cliquez ici pour lire l&rsquo;article depuis sa source.<\/a><\/p>\n","protected":false},"excerpt":{"rendered":"<p>l\u2019ANIE a rendu publics hier les r\u00e9sultats des l\u00e9gislatives du 12 juin Photo : B. Souhil \/ Mohamed Charfi, hier, lors du point de presse au C IC Plus de 18 millions d\u2019\u00e9lecteurs ont boud\u00e9 les urnes lors des derni\u00e8res l\u00e9gislatives. La future Assembl\u00e9e populaires nationale (APN) a \u00e9t\u00e9 \u00e9lue par 4,6 millions d\u2019\u00e9lecteurs. Le [&hellip;]<\/p>\n","protected":false},"author":1743,"featured_media":0,"comment_status":"closed","ping_status":"closed","sticky":false,"template":"","format":"standard","meta":{"fifu_image_url":"https:\/\/www.elwatan.com\/wp-content\/uploads\/2021\/06\/chorfi-souhil.gif","fifu_image_alt":"Le d\u00e9saveu populaire confirm\u00e9","footnotes":""},"categories":[73,53],"tags":[],"class_list":["post-118700","post","type-post","status-publish","format-standard","hentry","category-actualite","category-algerie"],"_links":{"self":[{"href":"https:\/\/linitiative.ca\/International\/wp-json\/wp\/v2\/posts\/118700","targetHints":{"allow":["GET"]}}],"collection":[{"href":"https:\/\/linitiative.ca\/International\/wp-json\/wp\/v2\/posts"}],"about":[{"href":"https:\/\/linitiative.ca\/International\/wp-json\/wp\/v2\/types\/post"}],"author":[{"embeddable":true,"href":"https:\/\/linitiative.ca\/International\/wp-json\/wp\/v2\/users\/1743"}],"replies":[{"embeddable":true,"href":"https:\/\/linitiative.ca\/International\/wp-json\/wp\/v2\/comments?post=118700"}],"version-history":[{"count":0,"href":"https:\/\/linitiative.ca\/International\/wp-json\/wp\/v2\/posts\/118700\/revisions"}],"wp:attachment":[{"href":"https:\/\/linitiative.ca\/International\/wp-json\/wp\/v2\/media?parent=118700"}],"wp:term":[{"taxonomy":"category","embeddable":true,"href":"https:\/\/linitiative.ca\/International\/wp-json\/wp\/v2\/categories?post=118700"},{"taxonomy":"post_tag","embeddable":true,"href":"https:\/\/linitiative.ca\/International\/wp-json\/wp\/v2\/tags?post=118700"}],"curies":[{"name":"wp","href":"https:\/\/api.w.org\/{rel}","templated":true}]}}