{"id":118701,"date":"2021-06-16T05:50:55","date_gmt":"2021-06-16T09:50:55","guid":{"rendered":"https:\/\/linitiative.ca\/International\/elle-sinquiete-pour-lavenir-du-pays-lonm-condamne-le-discours-haineux-de-bengrina\/"},"modified":"2021-06-16T05:50:55","modified_gmt":"2021-06-16T09:50:55","slug":"elle-sinquiete-pour-lavenir-du-pays-lonm-condamne-le-discours-haineux-de-bengrina","status":"publish","type":"post","link":"https:\/\/linitiative.ca\/International\/elle-sinquiete-pour-lavenir-du-pays-lonm-condamne-le-discours-haineux-de-bengrina\/","title":{"rendered":"Elle s\u2019inqui\u00e8te pour l\u2019avenir du pays : L\u2019ONM condamne le discours haineux de Bengrina"},"content":{"rendered":"<h4 class=\"title-14\"\/>\n<div class=\"featured_image\"><img loading=\"lazy\" decoding=\"async\" width=\"750\" height=\"339\" src=\"https:\/\/www.elwatan.com\/wp-content\/uploads\/2021\/06\/UNEEEEEEE-1.gif\" class=\"attachment-post-thumbnail size-post-thumbnail wp-post-image\" alt=\"\"\/> <span class=\"featured-image-caption\">Photo : D. R.<\/span><\/div>\n<p class=\"p3\"><strong><em><span class=\"s2\">L<\/span><\/em><span class=\"s2\"><em>\u2019Organisation nationale des Moudjahidine (ONM) a r\u00e9pondu aux politiciens qui se sont distingu\u00e9s ces derni\u00e8res semaines par leurs attaques contre Tamazight et la Kabylie, tout en exprimant son inqui\u00e9tude quant \u00e0 l\u2019avenir du pays.<\/em><\/span><\/strong><\/p>\n<p class=\"p4\"><span class=\"s2\">Dans une vid\u00e9o de plus d\u2019une demi-heure diffus\u00e9e sur le site officiel de son organisation, le secr\u00e9taire g\u00e9n\u00e9ral par int\u00e9rim de l\u2019ONM, Mohand Ouamar Benelhadj, a d\u00e9nonc\u00e9 les graves d\u00e9rapages verbaux, l\u2019invective et les mensonges dont ont fait usage certaines figures politiques, \u00e0 leur t\u00eate Abdelkader Bengrina, pr\u00e9sident du parti El Bina, pour tenter de salir la Kabylie. <\/span><\/p>\n<p class=\"p4\"><span class=\"s2\"><em>\u00abNous sommes face \u00e0 des partis sans programme. On ne conna\u00eet ni leur orientation politique ni \u00e9conomique. On ne sait pas s\u2019ils sont de gauche, de droite, du centre ou d\u2019un autre bord politique\u2026 A d\u00e9faut donc d\u2019un programme, ils cherchent \u00e0 salir leurs adversaires politiques en recourant \u00e0 l\u2019insulte, au mensonge, \u00e0 la propagande. Ils vivent de cela, parce qu\u2019ils n\u2019ont rien d\u2019autre \u00e0 offrir ni \u00e0 pr\u00e9senter aux Alg\u00e9riens\u00bb<\/em>, s\u2019est offusqu\u00e9 le SG par int\u00e9rim de l\u2019ONM, regrettant ainsi la d\u00e9cadence politique que conna\u00eet le pays.<\/span><\/p>\n<p class=\"p4\"><span class=\"s2\"><em>\u00abIl y a pr\u00e8s d\u2019une semaine, un responsable politique (<\/em>Abdelkader Bengrina, ndlr) <em>a promis, dans un meeting de campagne, le paradis aux Alg\u00e9riens. Mais avant de parler de choses qui le d\u00e9passent et qui d\u00e9pendant d\u2019Allah, qu\u2019est-ce qu\u2019il a donn\u00e9 \u00e0 la soci\u00e9t\u00e9 alg\u00e9rienne aujourd\u2019hui dans sa vie actuelle ?\u00bb<\/em> s\u2019interroge ce moudjahid selon lequel les hommes politiques qui versent dans un tel discours n\u2019ont rien \u00e0 donner aux Alg\u00e9riens et au pays.<\/span><\/p>\n<p class=\"p4\"><span class=\"s2\"><em>\u00abQuand on voit ce qui se passe actuellement sur la sc\u00e8ne politique, il y a de quoi avoir peur pour le pays. La situation n\u2019augure rien de bon pour notre avenir commun\u00bb<\/em>, a-t-il averti, soulignant que <em>\u00abcertains chefs politiques, non seulement ne proposent rien de concret, mais vont encore plus loin en semant la division et allumant le feu\u00bb<\/em>, a-t-il condamn\u00e9 en faisant allusion aux propos injurieux et attentatoires \u00e0 la Kabylie prof\u00e9r\u00e9s par le pr\u00e9sident du parti El Bina mais aussi par le s\u00e9nateur du FLN, Abdelouahab Benza\u00efm. <\/span><\/p>\n<p class=\"p4\"><span class=\"s2\"><em>\u00abCes gens-l\u00e0 ont un sport favori. Il s\u2019agit du d\u00e9nigrement. Ils sont all\u00e9s jusqu\u2019\u00e0 allumer le feu contre une r\u00e9gion (la Kabylie)\u00bb<\/em>, a-t-il poursuivi, assurant qu\u2019il s\u2019exprimait au nom des membres de l\u2019ONM qui ont d\u00e9cid\u00e9 de r\u00e9pondre \u00e0 ces gens-l\u00e0. <em>\u00abIls ont qualifi\u00e9 les Kabyles de zouaves, de coop\u00e9rants, de hizb fran\u00e7a\u2026 Ils n\u2019ont rien laiss\u00e9 aux populations de cette r\u00e9gion. Honte \u00e0 eux ! Les auteurs de ces accusations ne valent rien\u00bb<\/em>, a-t-il fulmin\u00e9 rappelant les lourds sacrifices de cette r\u00e9gion, dont il est issu, pour l\u2019ind\u00e9pendance de l\u2019Alg\u00e9rie du joug colonial fran\u00e7ais.<\/span><\/p>\n<p class=\"p4\"><span class=\"s2\"><em>\u00abIls pensent qu\u2019ils vont \u00eatre plus connus en prof\u00e9rant des insanit\u00e9s contre cette r\u00e9gion et en disant que les Kabyles sont des zouaves. Mais la v\u00e9rit\u00e9 est ailleurs. Les villages de la Kabylie ont \u00e9t\u00e9 br\u00fbl\u00e9s deux fois en 1867 et en 1871 par les zouaves. Et aujourd\u2019hui, ces gens-l\u00e0 viennent accuser les Kabyles d\u2019\u00eatre des zouaves, c\u2019est grave\u00bb<\/em>, a-t-il d\u00e9nonc\u00e9, lan\u00e7ant un d\u00e9fi \u00e0 ces semeurs de la division de demander la publication par le minist\u00e8re des Moudjahidine de la cartographie des moudjahidine et des martyrs.<\/span><\/p>\n<p class=\"p4\"><span class=\"s2\">La r\u00e9action de l\u2019ONM contre le discours haineux v\u00e9hicul\u00e9 par Abdelkader Bengrina a \u00e9t\u00e9 pr\u00e9c\u00e9d\u00e9e par une plainte d\u00e9pos\u00e9e par deux avocats des barreaux de Blida et de Chlef sur la base de la loi n\u00b0 20-05 du 5 Ramadhan 1441 correspondant au 28 avril 2020 relative \u00e0 la pr\u00e9vention et \u00e0 la lutte contre la discrimination et le discours de haine.<\/span><\/p>\n<p class=\"p4\"><span class=\"s2\">Ces deux avocats ont fait \u00e9tat, entre autres, de d\u00e9clarations faites par ce personnage politique le 7 juin dernier en pleine campagne \u00e9lectorale et qui \u00e9taient de nature \u00e0 semer la haine et la division entre les citoyens. Ils ont \u00e9galement relev\u00e9 certaines phrases et mots qui portaient atteinte \u00e0 l\u2019unit\u00e9 du peuple et aux constantes nationales.<\/span><\/p>\n<p class=\"p4\"><span class=\"s2\">En effet, le pr\u00e9sident du parti El Bina, qui s\u2019est oppos\u00e9 au maintien de tamazight comme langue nationale et officielle lors de la derni\u00e8re r\u00e9vision constitutionnelle de 2020, a qualifi\u00e9 cette langue maternelle de millions d\u2019Alg\u00e9riens de \u00abchose\u00bb, continuant ainsi \u00e0 la remettre en cause, sachant qu\u2019elle fait partie des trois constantes nationales. Aussi, il a dans une autre d\u00e9claration tent\u00e9 de remettre en cause l\u2019engagement de la r\u00e9gion de Kabylie dans la guerre de Lib\u00e9ration nationale. Ses d\u00e9clarations ont suscit\u00e9 de la col\u00e8re et de l\u2019indignation sur les r\u00e9seaux sociaux.<\/span><\/p>\n<p><span class=\"post-views-label\">Post Views:<\/span> <span class=\"post-views-count\">5\u00a0075<\/span><\/p>\n<p><br class=\"c2\"\/><\/p>\n<div class=\"ichhar-moneytagnative c4\" id=\"ichhar-807503244\">\n<p>Advertisements<\/p>\n<\/div>\n<p><br class=\"c2\"\/><br \/>\n<br class=\"c5\"\/><\/p>\n<p>Auteur: Anis Khecheba<br \/>\n<a href=\"https:\/\/www.elwatan.com\/edition\/actualite\/lonm-condamne-le-discours-haineux-de-bengrina-16-06-2021\">Cliquez ici pour lire l&rsquo;article depuis sa source.<\/a><\/p>\n","protected":false},"excerpt":{"rendered":"<p>Photo : D. R. L\u2019Organisation nationale des Moudjahidine (ONM) a r\u00e9pondu aux politiciens qui se sont distingu\u00e9s ces derni\u00e8res semaines par leurs attaques contre Tamazight et la Kabylie, tout en exprimant son inqui\u00e9tude quant \u00e0 l\u2019avenir du pays. Dans une vid\u00e9o de plus d\u2019une demi-heure diffus\u00e9e sur le site officiel de son organisation, le secr\u00e9taire [&hellip;]<\/p>\n","protected":false},"author":1743,"featured_media":0,"comment_status":"closed","ping_status":"closed","sticky":false,"template":"","format":"standard","meta":{"fifu_image_url":"https:\/\/www.elwatan.com\/wp-content\/uploads\/2021\/06\/UNEEEEEEE-1.gif","fifu_image_alt":"Elle s\u2019inqui\u00e8te pour l\u2019avenir du pays : L\u2019ONM condamne le discours haineux de Bengrina","footnotes":""},"categories":[73,53],"tags":[],"class_list":["post-118701","post","type-post","status-publish","format-standard","hentry","category-actualite","category-algerie"],"_links":{"self":[{"href":"https:\/\/linitiative.ca\/International\/wp-json\/wp\/v2\/posts\/118701","targetHints":{"allow":["GET"]}}],"collection":[{"href":"https:\/\/linitiative.ca\/International\/wp-json\/wp\/v2\/posts"}],"about":[{"href":"https:\/\/linitiative.ca\/International\/wp-json\/wp\/v2\/types\/post"}],"author":[{"embeddable":true,"href":"https:\/\/linitiative.ca\/International\/wp-json\/wp\/v2\/users\/1743"}],"replies":[{"embeddable":true,"href":"https:\/\/linitiative.ca\/International\/wp-json\/wp\/v2\/comments?post=118701"}],"version-history":[{"count":0,"href":"https:\/\/linitiative.ca\/International\/wp-json\/wp\/v2\/posts\/118701\/revisions"}],"wp:attachment":[{"href":"https:\/\/linitiative.ca\/International\/wp-json\/wp\/v2\/media?parent=118701"}],"wp:term":[{"taxonomy":"category","embeddable":true,"href":"https:\/\/linitiative.ca\/International\/wp-json\/wp\/v2\/categories?post=118701"},{"taxonomy":"post_tag","embeddable":true,"href":"https:\/\/linitiative.ca\/International\/wp-json\/wp\/v2\/tags?post=118701"}],"curies":[{"name":"wp","href":"https:\/\/api.w.org\/{rel}","templated":true}]}}