{"id":118702,"date":"2021-06-16T08:53:26","date_gmt":"2021-06-16T12:53:26","guid":{"rendered":"https:\/\/linitiative.ca\/International\/21eme-festival-europeen-lalgerie-chante-leurope\/"},"modified":"2021-06-16T08:53:26","modified_gmt":"2021-06-16T12:53:26","slug":"21eme-festival-europeen-lalgerie-chante-leurope","status":"publish","type":"post","link":"https:\/\/linitiative.ca\/International\/21eme-festival-europeen-lalgerie-chante-leurope\/","title":{"rendered":"21\u00e8me Festival europ\u00e9en :\u00a0\u00abL\u2019Alg\u00e9rie chante l\u2019Europe\u00bb"},"content":{"rendered":"<h4 class=\"title-14\"\/>\n<div class=\"featured_image\"><img loading=\"lazy\" decoding=\"async\" width=\"3518\" height=\"4959\" src=\"https:\/\/www.elwatan.com\/wp-content\/uploads\/2021\/06\/Affiche-AR-21-eme-Festival-europe\u0301en-dAlger.jpeg\" class=\"attachment-post-thumbnail size-post-thumbnail wp-post-image\" alt=\"\" srcset=\"https:\/\/www.elwatan.com\/wp-content\/uploads\/2021\/06\/Affiche-AR-21-eme-Festival-europe\u0301en-dAlger.jpeg 3518w, https:\/\/www.elwatan.com\/wp-content\/uploads\/2021\/06\/Affiche-AR-21-eme-Festival-europe\u0301en-dAlger-213x300.jpeg 213w, https:\/\/www.elwatan.com\/wp-content\/uploads\/2021\/06\/Affiche-AR-21-eme-Festival-europe\u0301en-dAlger-768x1083.jpeg 768w, https:\/\/www.elwatan.com\/wp-content\/uploads\/2021\/06\/Affiche-AR-21-eme-Festival-europe\u0301en-dAlger-726x1024.jpeg 726w, https:\/\/www.elwatan.com\/wp-content\/uploads\/2021\/06\/Affiche-AR-21-eme-Festival-europe\u0301en-dAlger-1320x1861.jpeg 1320w\" sizes=\"auto, (max-width: 3518px) 100vw, 3518px\"\/><\/div>\n<p class=\"p5\">Le Festival europ\u00e9en dont s\u2019est la 21<sup>e<\/sup> \u00e9dition, organis\u00e9 par la D\u00e9l\u00e9gation de l\u2019Union europ\u00e9enne en Alg\u00e9rie, en coop\u00e9ration avec les services culturels des Etats membres, est de retour, du 24 juin au 2 juillet 2021, au Th\u00e9\u00e2tre national alg\u00e9rien.<\/p>\n<p class=\"p5\">Et ce, apr\u00e8s une ann\u00e9e d\u2019absence en raison de la crise sanitaire, le Festival renoue avec le public alg\u00e9rien avec une \u00e9dition anim\u00e9e exclusivement par des artistes alg\u00e9riens et plac\u00e9e sous le th\u00e8me de \u00ab\u00a0L\u2019Alg\u00e9rie chante l\u2019Europe\u00a0\u00bb.<\/p>\n<p class=\"p5\">En plus d\u2019\u00eatre une opportunit\u00e9 de promotion du dialogue, de la pluralit\u00e9 et la diversit\u00e9 culturelle alg\u00e9ro-europ\u00e9enne, l\u2019\u00e9v\u00e9nement se veut \u00eatre \u00e9galement un soutien au monde artistique qui a \u00e9t\u00e9 s\u00e9v\u00e8rement touch\u00e9 par les effets de la pand\u00e9mie mondiale.<\/p>\n<p class=\"p5\">Pour cette nouvelle<span class=\"Apple-converted-space\">\u00a0<\/span> \u00e9dition, des voix alg\u00e9riennes de tout le pays revisiteront le patrimoine musical europ\u00e9en \u00e0 travers des repr\u00e9sentations diversifi\u00e9es combinant rai, rock, pop, gnaoui, en passant par la musique classique, andalouse, kabyle ou encore chaoui.<\/p>\n<p class=\"p5\">Le coup d\u2019envoi du Festival sera donn\u00e9 par le groupe Ra\u00efna Ra\u00ef, le jeudi 24 juin, puis suivront au gr\u00e9 de ce festival, l\u2019Orchestre Symphonique de l\u2019Op\u00e9ra d\u2019Alger, le musicien Salim Dada, la chanteuse andalouse Zakia Kara Terki, ou encore le groupe Garange Band. En cl\u00f4ture, un orchestre exceptionnel de jeunes talents, constitu\u00e9 \u00e0 l\u2019occasion, montera sur sc\u00e8ne avec une programmation surprise.<\/p>\n<p class=\"p5\"><span class=\"Apple-converted-space\">\u00a0<\/span> Le Festival sera retransmis pour la premi\u00e8re fois sur une chaine de t\u00e9l\u00e9vision nationale, El Djazaria One, m\u00e9dia officiel de l\u2019\u00e9v\u00e9nement, qui assurera la diffusion, en diff\u00e9r\u00e9, de toutes les repr\u00e9sentations musicales au programme.<span class=\"Apple-converted-space\">\u00a0<\/span><\/p>\n<p class=\"p5\">En raison du contexte sanitaire particulier, un protocole sanitaire strict a \u00e9t\u00e9 mis en place afin d\u2019assurer le respect des mesures de pr\u00e9vention. A ce titre, la billetterie sera ouverte de 10h \u00e0 16h uniquement, seule la moiti\u00e9 des si\u00e8ges seront occup\u00e9s durant les concerts, le port du masque<span class=\"Apple-converted-space\">\u00a0<\/span> et<span class=\"Apple-converted-space\">\u00a0<\/span> l\u2019utilisation du gel hydrologique seront obligatoires \u00e0 l\u2019entr\u00e9e du TNA et l\u2019acc\u00e8s sera interdit aux enfants de moins de 12 ans.<\/p>\n<p><span class=\"post-views-label\">Post Views:<\/span> <span class=\"post-views-count\">128<\/span><\/p>\n<p><br class=\"c2\"\/><\/p>\n<div class=\"ichhar-moneytagnative c7\" id=\"ichhar-444166762\">\n<p>Advertisements<\/p>\n<\/div>\n<p><br class=\"c2\"\/><br \/>\n<br class=\"c8\"\/><\/p>\n<p>Auteur: Mohand Yahiaoui<br \/>\n<a href=\"https:\/\/www.elwatan.com\/edition\/culture\/21eme-festival-europeen-lalgerie-chante-leurope-16-06-2021\">Cliquez ici pour lire l&rsquo;article depuis sa source.<\/a><\/p>\n","protected":false},"excerpt":{"rendered":"<p>Le Festival europ\u00e9en dont s\u2019est la 21e \u00e9dition, organis\u00e9 par la D\u00e9l\u00e9gation de l\u2019Union europ\u00e9enne en Alg\u00e9rie, en coop\u00e9ration avec les services culturels des Etats membres, est de retour, du 24 juin au 2 juillet 2021, au Th\u00e9\u00e2tre national alg\u00e9rien. Et ce, apr\u00e8s une ann\u00e9e d\u2019absence en raison de la crise sanitaire, le Festival renoue [&hellip;]<\/p>\n","protected":false},"author":1743,"featured_media":0,"comment_status":"closed","ping_status":"closed","sticky":false,"template":"","format":"standard","meta":{"fifu_image_url":"https:\/\/www.elwatan.com\/wp-content\/uploads\/2021\/06\/Affiche-AR-21-eme-Festival-europe\u0301en-dAlger.jpeg","fifu_image_alt":"21\u00e8me Festival europ\u00e9en :\u00a0\u00abL\u2019Alg\u00e9rie chante l\u2019Europe\u00bb","footnotes":""},"categories":[73,53],"tags":[],"class_list":["post-118702","post","type-post","status-publish","format-standard","hentry","category-actualite","category-algerie"],"_links":{"self":[{"href":"https:\/\/linitiative.ca\/International\/wp-json\/wp\/v2\/posts\/118702","targetHints":{"allow":["GET"]}}],"collection":[{"href":"https:\/\/linitiative.ca\/International\/wp-json\/wp\/v2\/posts"}],"about":[{"href":"https:\/\/linitiative.ca\/International\/wp-json\/wp\/v2\/types\/post"}],"author":[{"embeddable":true,"href":"https:\/\/linitiative.ca\/International\/wp-json\/wp\/v2\/users\/1743"}],"replies":[{"embeddable":true,"href":"https:\/\/linitiative.ca\/International\/wp-json\/wp\/v2\/comments?post=118702"}],"version-history":[{"count":0,"href":"https:\/\/linitiative.ca\/International\/wp-json\/wp\/v2\/posts\/118702\/revisions"}],"wp:attachment":[{"href":"https:\/\/linitiative.ca\/International\/wp-json\/wp\/v2\/media?parent=118702"}],"wp:term":[{"taxonomy":"category","embeddable":true,"href":"https:\/\/linitiative.ca\/International\/wp-json\/wp\/v2\/categories?post=118702"},{"taxonomy":"post_tag","embeddable":true,"href":"https:\/\/linitiative.ca\/International\/wp-json\/wp\/v2\/tags?post=118702"}],"curies":[{"name":"wp","href":"https:\/\/api.w.org\/{rel}","templated":true}]}}