{"id":118703,"date":"2021-06-16T09:15:08","date_gmt":"2021-06-16T13:15:08","guid":{"rendered":"https:\/\/linitiative.ca\/International\/bouira-lactiviste-yahia-semache-relaxe\/"},"modified":"2021-06-16T09:15:08","modified_gmt":"2021-06-16T13:15:08","slug":"bouira-lactiviste-yahia-semache-relaxe","status":"publish","type":"post","link":"https:\/\/linitiative.ca\/International\/bouira-lactiviste-yahia-semache-relaxe\/","title":{"rendered":"Bouira : L\u2019activiste Yahia Semache relax\u00e9"},"content":{"rendered":"<h4 class=\"title-14\"\/>\n<p>Poursuivis pour \u00ab usurpation de fonction \u00bb, \u00ab \u00a0incitation \u00e0 attroupement non arm\u00e9 \u00bb, \u00ab diffusion de fausses informations \u00bb, \u00ab outrage \u00e0 agent de service \u00bb, l\u2019activiste et animateur du mouvement associatif a \u00e9t\u00e9 relax\u00e9 ce mercredi par le juge pr\u00e8s le tribunal de Bouira, a-t-on appris sur place.<\/p>\n<div readability=\"15\">\n<p>Son proc\u00e8s est renvoy\u00e9 pour le 30 juin de l\u2019ann\u00e9e en cours, a-t-on indiqu\u00e9 de source judiciaire.<\/p>\n<p>Par ailleurs, une gr\u00e8ve g\u00e9n\u00e9rale a \u00e9t\u00e9 observ\u00e9e aujourd\u2019hui par les commer\u00e7ants de la ville d\u2019Ath Lakser. D\u00e9cid\u00e9e dans le but d\u2019exiger la lib\u00e9ration des d\u00e9tenus, la gr\u00e8ve a \u00e9t\u00e9 par ailleurs ponctu\u00e9e par une marche.<\/p>\n<\/div>\n<p><span class=\"post-views-label\">Post Views:<\/span> <span class=\"post-views-count\">331<\/span><\/p>\n<p><br class=\"c2\"\/><\/p>\n<div class=\"ichhar-moneytagnative c4\" id=\"ichhar-286992506\">\n<p>Advertisements<\/p>\n<\/div>\n<p><br class=\"c2\"\/><br \/>\n<br class=\"c5\"\/><\/p>\n<p>Auteur: Mohand Yahiaoui<br \/>\n<a href=\"https:\/\/www.elwatan.com\/edition\/actualite\/bouira-lactiviste-yahia-semache-relaxe-16-06-2021\">Cliquez ici pour lire l&rsquo;article depuis sa source.<\/a><\/p>\n","protected":false},"excerpt":{"rendered":"<p>Poursuivis pour \u00ab usurpation de fonction \u00bb, \u00ab \u00a0incitation \u00e0 attroupement non arm\u00e9 \u00bb, \u00ab diffusion de fausses informations \u00bb, \u00ab outrage \u00e0 agent de service \u00bb, l\u2019activiste et animateur du mouvement associatif a \u00e9t\u00e9 relax\u00e9 ce mercredi par le juge pr\u00e8s le tribunal de Bouira, a-t-on appris sur place. Son proc\u00e8s est renvoy\u00e9 pour [&hellip;]<\/p>\n","protected":false},"author":1743,"featured_media":0,"comment_status":"closed","ping_status":"closed","sticky":false,"template":"","format":"standard","meta":{"fifu_image_url":"","fifu_image_alt":"","footnotes":""},"categories":[73,53],"tags":[],"class_list":["post-118703","post","type-post","status-publish","format-standard","hentry","category-actualite","category-algerie"],"_links":{"self":[{"href":"https:\/\/linitiative.ca\/International\/wp-json\/wp\/v2\/posts\/118703","targetHints":{"allow":["GET"]}}],"collection":[{"href":"https:\/\/linitiative.ca\/International\/wp-json\/wp\/v2\/posts"}],"about":[{"href":"https:\/\/linitiative.ca\/International\/wp-json\/wp\/v2\/types\/post"}],"author":[{"embeddable":true,"href":"https:\/\/linitiative.ca\/International\/wp-json\/wp\/v2\/users\/1743"}],"replies":[{"embeddable":true,"href":"https:\/\/linitiative.ca\/International\/wp-json\/wp\/v2\/comments?post=118703"}],"version-history":[{"count":0,"href":"https:\/\/linitiative.ca\/International\/wp-json\/wp\/v2\/posts\/118703\/revisions"}],"wp:attachment":[{"href":"https:\/\/linitiative.ca\/International\/wp-json\/wp\/v2\/media?parent=118703"}],"wp:term":[{"taxonomy":"category","embeddable":true,"href":"https:\/\/linitiative.ca\/International\/wp-json\/wp\/v2\/categories?post=118703"},{"taxonomy":"post_tag","embeddable":true,"href":"https:\/\/linitiative.ca\/International\/wp-json\/wp\/v2\/tags?post=118703"}],"curies":[{"name":"wp","href":"https:\/\/api.w.org\/{rel}","templated":true}]}}