{"id":118705,"date":"2021-06-16T09:59:00","date_gmt":"2021-06-16T13:59:00","guid":{"rendered":"https:\/\/linitiative.ca\/International\/la-collection-leaders-books-a-la-portee-des-lecteurs\/"},"modified":"2021-06-16T09:59:00","modified_gmt":"2021-06-16T13:59:00","slug":"la-collection-leaders-books-a-la-portee-des-lecteurs","status":"publish","type":"post","link":"https:\/\/linitiative.ca\/International\/la-collection-leaders-books-a-la-portee-des-lecteurs\/","title":{"rendered":"La collection Leaders Books \u00e0 la port\u00e9e des lecteurs"},"content":{"rendered":"<p>Les passionn\u00e9s de lecture seront ravis de retrouver la collection des livres publi\u00e9s par les <a href=\"https:\/\/www.leadersbooks.com.tn\/\" target=\"_blank\" rel=\"noopener\"><strong>\u00e9ditions<\/strong> <span class=\"c2\"><strong>Leaders<\/strong><\/span><\/a>, dans son stand \u00e0 la Foire du livre tunisien qui se tient \u00e0 la Cit\u00e9 de la Culture de Tunis du 17 au 27 juin 2021. Il s\u2019agit d\u2019ouvrages r\u00e9cents par d\u2019illustres auteurs notamment <a href=\"https:\/\/www.leadersbooks.com.tn\/produit\/deux-republiques-une-tunisie\/\" target=\"_blank\" rel=\"noopener\">Mohamed Ennaceur<\/a>, <a href=\"https:\/\/www.leadersbooks.com.tn\/produit\/e-book-sortie-de-crise-et-union-nationale\/\" target=\"_blank\" rel=\"noopener\">Mansour Moalla<\/a>, <a href=\"https:\/\/www.leadersbooks.com.tn\/produit\/bourguiba-tel-que-je-lai-connu-par-taieb-baccouche\/\" target=\"_blank\" rel=\"noopener\">Taieb Baccouche<\/a>, <a href=\"https:\/\/www.leadersbooks.com.tn\/produit\/e-book-melanges-dhistoire-ancienne\/\" target=\"_blank\" rel=\"noopener\">Ammar Mahjoubi<\/a>, <a href=\"https:\/\/www.leadersbooks.com.tn\/produit\/e-book-la-tunisie-la-mediterranee-et-lorient-au-miroir-de-lhistoire\/\" target=\"_blank\" rel=\"noopener\">Mohamed El Aziz Ben Achour<\/a>, <a href=\"https:\/\/www.leadersbooks.com.tn\/produit\/daesh-geopolitique-du-conflit\/\" target=\"_blank\" rel=\"noopener\">le g\u00e9n\u00e9ral Mohamed Nafti<\/a>, <a href=\"https:\/\/www.leadersbooks.com.tn\/produit\/cetait-un-14-janvier-2021-a-tunis-par-anissa-ben-hassine\/\" target=\"_blank\" rel=\"noopener\">Anissa Ben Hassine<\/a>, <a href=\"https:\/\/www.leadersbooks.com.tn\/produit\/e-book-une-breve-histoire-de-la-bourse-de-tunis-edition-universitaire\/\" target=\"_blank\" rel=\"noopener\">Hamza Knani<\/a> et <a href=\"https:\/\/www.leadersbooks.com.tn\/produit\/memoire-de-basketteur-cent-ans-de-basket-en-tunisie\/\" target=\"_blank\" rel=\"noopener\">Abderraouf Menjour<\/a>.<\/p>\n<p>Chaque jour, \u00e0 tour de r\u00f4le, une s\u00e9ance de pr\u00e9sentation et de signature se tiendra \u00e0 partir de 17 heures, au sein de la Foire, en pr\u00e9sence de l\u2019auteur. Le coup d\u2019envoi sera donn\u00e9 ce samedi 19 juin, \u00e0 partir de 17 heures, par le pr\u00e9sident Mohamed Ennaceur, qui pr\u00e9sentera son livre \u00ab Deux R\u00e9publiques, Une Tunisie \u00bb.<\/p>\n<p>Les livres des <a href=\"https:\/\/www.leadersbooks.com.tn\/\" target=\"_blank\" rel=\"noopener\"><strong>\u00e9ditions<\/strong> <span class=\"c2\"><strong>Leaders<\/strong><\/span><\/a> sont \u00e9galement disponibles en ligne sur <a href=\"https:\/\/www.leadersbooks.com.tn\/\" target=\"_blank\" rel=\"noopener\">www.leadersbooks.com.tn<\/a> et, ceux en format digital, sur Amazon Kindle.<br \/>\u00a0<\/p>\n<p>Auteur:<br \/>\n<a href=\"https:\/\/www.leaders.com.tn\/article\/32037-la-collection-leaders-books-a-la-portee-des-lecteurs\">Cliquez ici pour lire l&rsquo;article depuis sa source.<\/a><\/p>\n","protected":false},"excerpt":{"rendered":"<p>Les passionn\u00e9s de lecture seront ravis de retrouver la collection des livres publi\u00e9s par les \u00e9ditions Leaders, dans son stand \u00e0 la Foire du livre tunisien qui se tient \u00e0 la Cit\u00e9 de la Culture de Tunis du 17 au 27 juin 2021. Il s\u2019agit d\u2019ouvrages r\u00e9cents par d\u2019illustres auteurs notamment Mohamed Ennaceur, Mansour Moalla, [&hellip;]<\/p>\n","protected":false},"author":1772,"featured_media":0,"comment_status":"closed","ping_status":"closed","sticky":false,"template":"","format":"standard","meta":{"fifu_image_url":"","fifu_image_alt":"","footnotes":""},"categories":[73,55],"tags":[],"class_list":["post-118705","post","type-post","status-publish","format-standard","hentry","category-actualite","category-tunisie"],"_links":{"self":[{"href":"https:\/\/linitiative.ca\/International\/wp-json\/wp\/v2\/posts\/118705","targetHints":{"allow":["GET"]}}],"collection":[{"href":"https:\/\/linitiative.ca\/International\/wp-json\/wp\/v2\/posts"}],"about":[{"href":"https:\/\/linitiative.ca\/International\/wp-json\/wp\/v2\/types\/post"}],"author":[{"embeddable":true,"href":"https:\/\/linitiative.ca\/International\/wp-json\/wp\/v2\/users\/1772"}],"replies":[{"embeddable":true,"href":"https:\/\/linitiative.ca\/International\/wp-json\/wp\/v2\/comments?post=118705"}],"version-history":[{"count":0,"href":"https:\/\/linitiative.ca\/International\/wp-json\/wp\/v2\/posts\/118705\/revisions"}],"wp:attachment":[{"href":"https:\/\/linitiative.ca\/International\/wp-json\/wp\/v2\/media?parent=118705"}],"wp:term":[{"taxonomy":"category","embeddable":true,"href":"https:\/\/linitiative.ca\/International\/wp-json\/wp\/v2\/categories?post=118705"},{"taxonomy":"post_tag","embeddable":true,"href":"https:\/\/linitiative.ca\/International\/wp-json\/wp\/v2\/tags?post=118705"}],"curies":[{"name":"wp","href":"https:\/\/api.w.org\/{rel}","templated":true}]}}