{"id":118708,"date":"2021-06-16T11:11:00","date_gmt":"2021-06-16T15:11:00","guid":{"rendered":"https:\/\/linitiative.ca\/International\/faut-il-sinquieter-de-la-ruee-des-medecins-vers-la-france\/"},"modified":"2021-06-16T11:11:00","modified_gmt":"2021-06-16T15:11:00","slug":"faut-il-sinquieter-de-la-ruee-des-medecins-vers-la-france","status":"publish","type":"post","link":"https:\/\/linitiative.ca\/International\/faut-il-sinquieter-de-la-ruee-des-medecins-vers-la-france\/","title":{"rendered":"Faut-il s&rsquo;inqui\u00e9ter de la ru\u00e9e des m\u00e9decins vers la France ?"},"content":{"rendered":"<p>Une fois de plus, les m\u00e9decins tunisiens s&rsquo;illustrent aux \u00e9preuves du tr\u00e8s s\u00e9lectif du concours de v\u00e9rification des connaissances de la sant\u00e9 publique que la France organise chaque ann\u00e9e pour recruter des m\u00e9decins \u00e9trangers. Mais faut-il s&rsquo;en inqui\u00e9ter ? Certes, l&rsquo;\u00e9migration des m\u00e9decins tunisiens ne peut que nous priver d&rsquo;une frange de la soci\u00e9t\u00e9 qui repr\u00e9sente la fine fleur de notre \u00e9lite, mais en m\u00eame temps, elle nous rassure sur la formation de nos m\u00e9decins comme l&rsquo;atteste la bonne r\u00e9putation dont ils jouissent dans les pays limitrophes et m\u00eame en Fance.Je me souviens de la r\u00e9ponse d&rsquo;un chef de service d&rsquo;un h\u00f4pital parisien \u00e0 un journaliste d&rsquo;un pays voisin qui l&rsquo;interrogeait sur le niveau des m\u00e9decins \u00e9trangers au d\u00e9but de la crise sanitaire : \u00ab\u00a0il y en a des bons et des moins bons, mais\u00a0 le niveau des Tunisiens est toujours excellent\u00a0\u00bb.\u00a0<\/p>\n<p>Reste \u00e0 s&rsquo;interroger sur le pourquoi des ces\u00a0 migrations par vagues successives de nos m\u00e9decins depuis quelques ann\u00e9es. Le lucre ? C&rsquo;est la premi\u00e8re raison qui vient \u00e0 l&rsquo;esprit. Elle n&rsquo;est pas totalement absente chez nos m\u00e9decins, mais elle n&rsquo;est pas non plus d\u00e9teminante. Par contre, ils \u00e9voquent les mauvaises conditions de travail, le d\u00e9labrement des h\u00f4pitaux, mais surtout l&rsquo;impossibilit\u00e9 de se r\u00e9aliser dans leur profession, dans leur famille. Et si nous n&rsquo;avions pas su les retenir, tout simplement en manquant d&rsquo;\u00e9gards \u00e0 leur endroit.\u00a0<\/p>\n<p>Auteur:<br \/>\n<a href=\"https:\/\/www.leaders.com.tn\/article\/32039-faut-il-s-inquieter-de-la-ruee-des-medecins-vers-l-etranger\">Cliquez ici pour lire l&rsquo;article depuis sa source.<\/a><\/p>\n","protected":false},"excerpt":{"rendered":"<p>Une fois de plus, les m\u00e9decins tunisiens s&rsquo;illustrent aux \u00e9preuves du tr\u00e8s s\u00e9lectif du concours de v\u00e9rification des connaissances de la sant\u00e9 publique que la France organise chaque ann\u00e9e pour recruter des m\u00e9decins \u00e9trangers. Mais faut-il s&rsquo;en inqui\u00e9ter ? Certes, l&rsquo;\u00e9migration des m\u00e9decins tunisiens ne peut que nous priver d&rsquo;une frange de la soci\u00e9t\u00e9 qui [&hellip;]<\/p>\n","protected":false},"author":1772,"featured_media":0,"comment_status":"closed","ping_status":"closed","sticky":false,"template":"","format":"standard","meta":{"fifu_image_url":"","fifu_image_alt":"","footnotes":""},"categories":[73,55],"tags":[],"class_list":["post-118708","post","type-post","status-publish","format-standard","hentry","category-actualite","category-tunisie"],"_links":{"self":[{"href":"https:\/\/linitiative.ca\/International\/wp-json\/wp\/v2\/posts\/118708","targetHints":{"allow":["GET"]}}],"collection":[{"href":"https:\/\/linitiative.ca\/International\/wp-json\/wp\/v2\/posts"}],"about":[{"href":"https:\/\/linitiative.ca\/International\/wp-json\/wp\/v2\/types\/post"}],"author":[{"embeddable":true,"href":"https:\/\/linitiative.ca\/International\/wp-json\/wp\/v2\/users\/1772"}],"replies":[{"embeddable":true,"href":"https:\/\/linitiative.ca\/International\/wp-json\/wp\/v2\/comments?post=118708"}],"version-history":[{"count":0,"href":"https:\/\/linitiative.ca\/International\/wp-json\/wp\/v2\/posts\/118708\/revisions"}],"wp:attachment":[{"href":"https:\/\/linitiative.ca\/International\/wp-json\/wp\/v2\/media?parent=118708"}],"wp:term":[{"taxonomy":"category","embeddable":true,"href":"https:\/\/linitiative.ca\/International\/wp-json\/wp\/v2\/categories?post=118708"},{"taxonomy":"post_tag","embeddable":true,"href":"https:\/\/linitiative.ca\/International\/wp-json\/wp\/v2\/tags?post=118708"}],"curies":[{"name":"wp","href":"https:\/\/api.w.org\/{rel}","templated":true}]}}