{"id":118711,"date":"2021-06-16T13:42:54","date_gmt":"2021-06-16T17:42:54","guid":{"rendered":"https:\/\/linitiative.ca\/International\/accor-met-en-place-un-dispositif-special-mre\/"},"modified":"2021-06-16T13:42:54","modified_gmt":"2021-06-16T17:42:54","slug":"accor-met-en-place-un-dispositif-special-mre","status":"publish","type":"post","link":"https:\/\/linitiative.ca\/International\/accor-met-en-place-un-dispositif-special-mre\/","title":{"rendered":"Accor met en place un dispositif sp\u00e9cial MRE"},"content":{"rendered":"<p><strong>Les h\u00f4tels Accor au Maroc se mobilisent pour favoriser l\u2019accueil des Marocains r\u00e9sidant \u00e0 l\u2019\u00e9tranger (MRE)<\/strong><\/p>\n<div class=\"c10\">\n<\/div>\n<p>Le premier op\u00e9rateur h\u00f4telier au Maroc r\u00e9pond aux Hautes Instructions de S.M. le Roi Mohammed VI qui a exhort\u00e9 tous les op\u00e9rateurs du tourisme \u00e0 prendre les dispositions n\u00e9cessaires afin d\u2019accueillir les membres de la communaut\u00e9 marocaine r\u00e9sidant \u00e0 l\u2019\u00e9tranger dans les meilleures conditions et aux meilleurs prix.<\/p>\n<div id=\"div-gpt-ad-1623665508737-0\" class=\"c11\">\n<\/div>\n<p><strong>Lire aussi | <a class=\"\" href=\"https:\/\/www.challenge.ma\/ram-saturation-des-vols-en-provenance-de-4-pays-europeens-188630\/\">RAM : saturation des vols en provenance de 4 pays europ\u00e9ens<\/a><\/strong><\/p>\n<p>Dans ce contexte, Accor annonce la mise en place d\u2019un dispositif proposant aux MRE une remise de 30% sur ses tarifs publics, le petit-d\u00e9jeuner offert ainsi que la gratuit\u00e9 en chambre pour un enfant, dans toutes les marques du groupe et toutes les villes au Maroc : Fairmont, Sofitel, MGallery, Pullman, Movenpick, Mercure, Novotel, ibis et ibis budget. Cette promotion exceptionnelle est disponible pour des s\u00e9jours jusqu\u2019au 15 septembre 2021 en r\u00e9servant via la plate-forme <a href=\"https:\/\/all.accor.com\/africa\/index.fr.shtml\">All.accor.com<\/a> ou en contactant directement l\u2019h\u00f4tel au plus tard 24h avant le d\u00e9but du s\u00e9jour.<\/p>\n<p><strong>Lire aussi | <a href=\"https:\/\/www.challenge.ma\/le-pass-vaccinal-marocain-pourrait-changer-188568\/\">Le pass vaccinal marocain pourrait changer<\/a><\/strong><\/p>\n<p>De plus, le groupe propose aux voyageurs de red\u00e9couvrir le Royaume \u00e0 travers l\u2019initiative #ALLFBLADNA qui propose une s\u00e9lection d\u2019exp\u00e9riences remarquables destin\u00e9es \u00e0 mettre en lumi\u00e8re l\u2019exceptionnelle diversit\u00e9 des terroirs et territoires du Maroc.<\/p>\n<div id=\"div-gpt-ad-1623666116734-0\" class=\"c11\">\n<\/div>\n<p>Auteur: challenge<br \/>\n<a href=\"https:\/\/www.challenge.ma\/accor-met-en-place-un-dispositif-special-mre-188738\/\">Cliquez ici pour lire l&rsquo;article depuis sa source.<\/a><\/p>\n","protected":false},"excerpt":{"rendered":"<p>Les h\u00f4tels Accor au Maroc se mobilisent pour favoriser l\u2019accueil des Marocains r\u00e9sidant \u00e0 l\u2019\u00e9tranger (MRE) Le premier op\u00e9rateur h\u00f4telier au Maroc r\u00e9pond aux Hautes Instructions de S.M. le Roi Mohammed VI qui a exhort\u00e9 tous les op\u00e9rateurs du tourisme \u00e0 prendre les dispositions n\u00e9cessaires afin d\u2019accueillir les membres de la communaut\u00e9 marocaine r\u00e9sidant \u00e0 [&hellip;]<\/p>\n","protected":false},"author":1787,"featured_media":0,"comment_status":"closed","ping_status":"closed","sticky":false,"template":"","format":"standard","meta":{"fifu_image_url":"","fifu_image_alt":"","footnotes":""},"categories":[78,54],"tags":[],"class_list":["post-118711","post","type-post","status-publish","format-standard","hentry","category-economie","category-maroc"],"_links":{"self":[{"href":"https:\/\/linitiative.ca\/International\/wp-json\/wp\/v2\/posts\/118711","targetHints":{"allow":["GET"]}}],"collection":[{"href":"https:\/\/linitiative.ca\/International\/wp-json\/wp\/v2\/posts"}],"about":[{"href":"https:\/\/linitiative.ca\/International\/wp-json\/wp\/v2\/types\/post"}],"author":[{"embeddable":true,"href":"https:\/\/linitiative.ca\/International\/wp-json\/wp\/v2\/users\/1787"}],"replies":[{"embeddable":true,"href":"https:\/\/linitiative.ca\/International\/wp-json\/wp\/v2\/comments?post=118711"}],"version-history":[{"count":0,"href":"https:\/\/linitiative.ca\/International\/wp-json\/wp\/v2\/posts\/118711\/revisions"}],"wp:attachment":[{"href":"https:\/\/linitiative.ca\/International\/wp-json\/wp\/v2\/media?parent=118711"}],"wp:term":[{"taxonomy":"category","embeddable":true,"href":"https:\/\/linitiative.ca\/International\/wp-json\/wp\/v2\/categories?post=118711"},{"taxonomy":"post_tag","embeddable":true,"href":"https:\/\/linitiative.ca\/International\/wp-json\/wp\/v2\/tags?post=118711"}],"curies":[{"name":"wp","href":"https:\/\/api.w.org\/{rel}","templated":true}]}}