{"id":118713,"date":"2021-06-16T14:11:13","date_gmt":"2021-06-16T18:11:13","guid":{"rendered":"https:\/\/linitiative.ca\/International\/lalgerie-face-a-ses-demons\/"},"modified":"2021-06-16T14:11:13","modified_gmt":"2021-06-16T18:11:13","slug":"lalgerie-face-a-ses-demons","status":"publish","type":"post","link":"https:\/\/linitiative.ca\/International\/lalgerie-face-a-ses-demons\/","title":{"rendered":"L\u2019Alg\u00e9rie face \u00e0 ses d\u00e9mons"},"content":{"rendered":"<p><strong>Les r\u00e9sultats officiels des l\u00e9gislatives en Alg\u00e9rie confirment\u00a0 l\u2019impasse. Le FLN ( Front de lib\u00e9ration nationale )\u00a0 garde la premi\u00e8re place, les ind\u00e9pendants, souvent repr\u00e9sentants d\u2019Associations locales sont seconds et les Islamistes compatibles avec les militaires sont troisi\u00e8mes. Le discours officiel parle d\u2019une division entre les D\u00e9mocrates et les Islamistes. Ubuesque discours qui repose sur la volont\u00e9 de rejouer une nouvelle fois, le fameux r\u00f4le du barrage contre l\u2019Islam politique.<\/strong><\/p>\n<div class=\"c10\">\n<\/div>\n<p>Seulement, cela ne fonctionne plus. La tentative d\u2019imposer un cinqui\u00e8me mandat de Bouteflika a lib\u00e9r\u00e9 le peuple de cette chape. Il a compris qu\u2019il ne pouvait pas supporter le r\u00e9gime militaire pendant des si\u00e8cles, juste par peur d\u2019un hypoth\u00e9tique retour du Front Islamique du Salut. Et, selon les chiffres officiels tr\u00e8s contest\u00e9s, ils ont \u00e9t\u00e9 70% \u00e0 boycotter ces l\u00e9gislatives. Le r\u00e9sultat est effrayant. C\u2019est le FLN, parti honni par le Hirak qui le combat depuis plus de 2 ans, qui dirigera le gouvernement du changement, alors qu\u2019il est \u00e0 la t\u00eate du pays depuis 1962.<\/p>\n<div id=\"div-gpt-ad-1623665508737-0\" class=\"c11\">\n<\/div>\n<p><strong>Lire aussi | <a href=\"https:\/\/www.challenge.ma\/agregation-agricole-un-nouveau-dispositif-reglementaire-en-vigueur-188662\/\">Agr\u00e9gation agricole. Un nouveau dispositif r\u00e9glementaire en vigueur<\/a><\/strong><\/p>\n<p>Tout se passe comme si les militaires refusaient de conc\u00e9der la moindre ouverture. A leur habitude, ils comptent sur la r\u00e9pression\u00a0 et la lassitude pour reprendre\u00a0 le contr\u00f4le de la rue. C\u2019est une\u00a0 position p\u00e9rilleuse pour l\u2019avenir du pays. D\u2019abord, parce que le ras-le-bol touche toutes les couches sociales. En dehors de quelques rentiers, l\u2019extr\u00eame majorit\u00e9 soutient le Hirak. Ensuite parce que le mouvement s\u2019appuie sur une r\u00e9alit\u00e9, celle de l\u2019\u00e9chec des politiques \u00e9conomiques, qui n\u2019ont abouti qu\u2019\u00e0 la paup\u00e9risation g\u00e9n\u00e9ralis\u00e9e, aggrav\u00e9e par une inflation insupportable.<\/p>\n<p>Cette r\u00e9volte ne s\u2019\u00e9teindra pas d\u2019elle-m\u00eame. Elle trouvera d\u2019autres modes d\u2019expression et il est \u00e0 craindre que ceux-ci ne soient ni aussi pacifiques, ni aussi organis\u00e9s que le Hirak. Les militaires sont pr\u00eats au pire pour s\u2019accrocher \u00e0 leurs privil\u00e8ges. Sinon, ils auraient propos\u00e9 une v\u00e9ritable ouverture d\u00e9mocratique et une nouvelle vision \u00e9conomique au peuple. En fermant la porte \u00e0 toutes les revendications, en refusant de c\u00e9der la moindre\u00a0 parcelle du pouvoir, ils ouvrent la voie \u00e0 la radicalisation et, pire, au d\u00e9sespoir.<\/p>\n<p><strong>Lire aussi | <a class=\"\" href=\"https:\/\/www.challenge.ma\/cyber-attaque-une-quatrieme-guerre-mondiale-se-pointe-a-lhorizon-188679\/\">Cyber-attaque. Une quatri\u00e8me guerre mondiale se pointe \u00e0 l\u2019horizon<\/a><\/strong><\/p>\n<p>Le FLN a longtemps tir\u00e9 sa l\u00e9gitimit\u00e9 de la guerre d\u2019ind\u00e9pendance. Aux yeux du peuple, cette ind\u00e9pendance a \u00e9t\u00e9 spoli\u00e9e par une caste au d\u00e9triment des promesses des fondateurs du mouvement, souvent liquid\u00e9s physiquement par ailleurs. A cela, s\u2019ajoute le probl\u00e8me kabyle. Seuls 2 % des Kabyles ont vot\u00e9. L\u2019Alg\u00e9rie est r\u00e9ellement fractur\u00e9e et a besoin d\u2019un projet national. Agiter la menace \u00e9trang\u00e8re, dans ces conditions est infantile et prouve que ce r\u00e9gime est \u00e0 bout de souffle.<\/p>\n<div id=\"div-gpt-ad-1623666116734-0\" class=\"c11\">\n<\/div>\n<p>Auteur: challenge<br \/>\n<a href=\"https:\/\/www.challenge.ma\/lalgerie-face-a-ses-demons-188718\/\">Cliquez ici pour lire l&rsquo;article depuis sa source.<\/a><\/p>\n","protected":false},"excerpt":{"rendered":"<p>Les r\u00e9sultats officiels des l\u00e9gislatives en Alg\u00e9rie confirment\u00a0 l\u2019impasse. Le FLN ( Front de lib\u00e9ration nationale )\u00a0 garde la premi\u00e8re place, les ind\u00e9pendants, souvent repr\u00e9sentants d\u2019Associations locales sont seconds et les Islamistes compatibles avec les militaires sont troisi\u00e8mes. Le discours officiel parle d\u2019une division entre les D\u00e9mocrates et les Islamistes. Ubuesque discours qui repose sur [&hellip;]<\/p>\n","protected":false},"author":1787,"featured_media":0,"comment_status":"closed","ping_status":"closed","sticky":false,"template":"","format":"standard","meta":{"fifu_image_url":"","fifu_image_alt":"","footnotes":""},"categories":[78,54],"tags":[],"class_list":["post-118713","post","type-post","status-publish","format-standard","hentry","category-economie","category-maroc"],"_links":{"self":[{"href":"https:\/\/linitiative.ca\/International\/wp-json\/wp\/v2\/posts\/118713","targetHints":{"allow":["GET"]}}],"collection":[{"href":"https:\/\/linitiative.ca\/International\/wp-json\/wp\/v2\/posts"}],"about":[{"href":"https:\/\/linitiative.ca\/International\/wp-json\/wp\/v2\/types\/post"}],"author":[{"embeddable":true,"href":"https:\/\/linitiative.ca\/International\/wp-json\/wp\/v2\/users\/1787"}],"replies":[{"embeddable":true,"href":"https:\/\/linitiative.ca\/International\/wp-json\/wp\/v2\/comments?post=118713"}],"version-history":[{"count":0,"href":"https:\/\/linitiative.ca\/International\/wp-json\/wp\/v2\/posts\/118713\/revisions"}],"wp:attachment":[{"href":"https:\/\/linitiative.ca\/International\/wp-json\/wp\/v2\/media?parent=118713"}],"wp:term":[{"taxonomy":"category","embeddable":true,"href":"https:\/\/linitiative.ca\/International\/wp-json\/wp\/v2\/categories?post=118713"},{"taxonomy":"post_tag","embeddable":true,"href":"https:\/\/linitiative.ca\/International\/wp-json\/wp\/v2\/tags?post=118713"}],"curies":[{"name":"wp","href":"https:\/\/api.w.org\/{rel}","templated":true}]}}