{"id":118718,"date":"2021-06-16T17:16:30","date_gmt":"2021-06-16T21:16:30","guid":{"rendered":"https:\/\/linitiative.ca\/International\/un-financement-italien-de-pres-de-700-millions-de-dinars-a-la-tunisie-pour-relancer-leconomie\/"},"modified":"2021-06-16T17:16:30","modified_gmt":"2021-06-16T21:16:30","slug":"un-financement-italien-de-pres-de-700-millions-de-dinars-a-la-tunisie-pour-relancer-leconomie","status":"publish","type":"post","link":"https:\/\/linitiative.ca\/International\/un-financement-italien-de-pres-de-700-millions-de-dinars-a-la-tunisie-pour-relancer-leconomie\/","title":{"rendered":"Un financement italien de pr\u00e8s de 700 millions de dinars \u00e0 la Tunisie pour \u00ab relancer \u00bb l\u2019\u00e9conomie"},"content":{"rendered":"<div class=\"post-cont-in left relative\">\n<div id=\"post-info-wrap\" class=\"left relative post-info-out\">\n<div class=\"post-info-img left relative\"><img decoding=\"async\" alt=\"\" src=\"https:\/\/secure.gravatar.com\/avatar\/b658f27b24160a89d557421a966e5ca1?s=50&amp;d=mm&amp;r=g\" srcset=\"https:\/\/secure.gravatar.com\/avatar\/b658f27b24160a89d557421a966e5ca1?s=100&amp;d=mm&amp;r=g 2x\" class=\"avatar avatar-50 photo\" height=\"50\" width=\"50\" loading=\"lazy\"\/><\/div>\n<div class=\"post-info-in post-info-right left relative post-info-name left relative\"><span><span class=\"post-info-text\">Par<\/span> <span class=\"author-name vcard fn author\"><a href=\"https:\/\/www.tunisienumerique.com\/author\/htb\/\" title=\"Articles par Mohamed Ben Abderrazek\" rel=\"author\">Mohamed Ben Abderrazek<\/a><\/span><\/span> <span class=\"post-date updated\"><time class=\"post-date updated\" datetime=\"2021-06-16\">\u00a0| Il y a 2 minutes<\/time><\/span><br \/>\n<meta itemprop=\"dateModified\" content=\"2021-06-16\"\/><\/div>\n<\/div>\n<p><span class=\"ssb_inline-share_heading left\">Cet article vous a \u00e9t\u00e9 utile? Partagez le, il int\u00e9ressera d\u2019autres personnes. Merci!<\/span><\/p>\n<div class=\"simplesocialbuttons simplesocial-round-btm-border simplesocialbuttons_inline simplesocialbuttons-align-left post-672207 post simplesocialbuttons-inline-no-animation\"><button class=\"simplesocial-fb-share\" target=\"_blank\" data-href=\"https:\/\/www.facebook.com\/sharer\/sharer.php?u=https:\/\/www.tunisienumerique.com\/un-financement-italien-de-pres-de-700-millions-de-dinars-a-la-tunisie-pour-relancer-leconomie\/\" onclick=\"javascript:window.open(this.dataset.href, '', 'menubar=no,toolbar=no,resizable=yes,scrollbars=yes,height=600,width=600');return false;\"><span class=\"simplesocialtxt\">Facebook<\/span><\/button> <button class=\"simplesocial-twt-share\" data-href=\"https:\/\/twitter.com\/share?text=Un+financement+italien+de+pr%C3%A8s+de+700+millions+de+dinars+%C3%A0+la+Tunisie+pour+%C2%AB+relancer+%C2%BB+l%E2%80%99%C3%A9conomie&amp;url=https:\/\/www.tunisienumerique.com\/un-financement-italien-de-pres-de-700-millions-de-dinars-a-la-tunisie-pour-relancer-leconomie\/\" rel=\"nofollow\" onclick=\"javascript:window.open(this.dataset.href, '', 'menubar=no,toolbar=no,resizable=yes,scrollbars=yes,height=600,width=600');return false;\"><span class=\"simplesocialtxt\">Twitter<\/span><\/button> <button target=\"popup\" class=\"simplesocial-linkedin-share\" data-href=\"https:\/\/www.linkedin.com\/cws\/share?url=https:\/\/www.tunisienumerique.com\/un-financement-italien-de-pres-de-700-millions-de-dinars-a-la-tunisie-pour-relancer-leconomie\/\" onclick=\"javascript:window.open(this.dataset.href, '', 'menubar=no,toolbar=no,resizable=yes,scrollbars=yes,height=600,width=600');return false;\"><span class=\"simplesocialtxt\">LinkedIn<\/span><\/button> <button onclick=\"javascript:window.open(this.dataset.href, '_blank' );return false;\" class=\"simplesocial-whatsapp-share\" data-href=\"https:\/\/api.whatsapp.com\/send?text=https:\/\/www.tunisienumerique.com\/un-financement-italien-de-pres-de-700-millions-de-dinars-a-la-tunisie-pour-relancer-leconomie\/\"><span class=\"simplesocialtxt\">WhatsApp<\/span><\/button><\/p>\n<\/div>\n<div class=\"code-block code-block-1 c4\">\n <ins class=\"adsbygoogle c3\" data-ad-layout=\"in-article\" data-ad-format=\"fluid\" data-ad-client=\"ca-pub-2102118777505746\" data-ad-slot=\"7301775417\"\/>\n<\/div>\n<p>Un m\u00e9morandum d\u2019entente de coop\u00e9ration tuniso-italienne dans le domaine du d\u00e9veloppement au titre de la p\u00e9riode 2021-2023 a \u00e9t\u00e9 sign\u00e9, aujourd\u2019hui mercredi 16 juin 2021, \u00e0 Rome, entre le ministre des Affaires \u00e9trang\u00e8res, Othman Jerandi et son homologue italien, Luigi Di Maio.<\/p>\n<p>En vertu de ce m\u00e9morandum, l\u2019Italie accordera \u00e0 la Tunisie un pr\u00eat de 200 millions d\u2019euros soit l\u2019\u00e9quivalent de 666 millions de dinars (50 millions d\u2019euros sous forme de don et 150 millions d\u2019euros sous forme d\u2019un pr\u00eat \u00e0 un taux pr\u00e9f\u00e9rentiel) dont l\u2019objectif est de financer des projets de d\u00e9veloppement et de relance \u00e9conomique.<\/p>\n<p>Ces projets de d\u00e9veloppement concernent l\u2019agriculture, l\u2019emploi, la formation professionnelle et l\u2019int\u00e9gration des jeunes.<\/p>\n<p>La signature de ce m\u00e9morandum d\u2019entente s\u2019inscrit dans le cadre de la visite officielle de deux jours, entam\u00e9e mercredi 16 juin, par le Pr\u00e9sident de la R\u00e9publique, Kais Saied, en Italie, sur invitation de son homologue italien, Sergio Mattarella.<\/p>\n<p>Il est \u00e0 signaler, par ailleurs, que le minist\u00e8re italien des affaires \u00e9trang\u00e8res a publi\u00e9, \u00e0 ce titre, une courte note concernant la signature d\u2019un m\u00e9morandum d\u2019entente de coop\u00e9ration avec la Tunisie tout en pr\u00e9cisant que \u00ab la Tunisie est un partenaire strat\u00e9gique dans le bassin m\u00e9diterran\u00e9en au niveau des affaires concernant l\u2019immigration et la situation en Libye \u00bb.<\/p>\n<p>Ni la Pr\u00e9sidence de la R\u00e9publique, ni le minist\u00e8re tunisien des affaires \u00e9trang\u00e8res n\u2019ont d\u00e9voil\u00e9 les d\u00e9tails du m\u00e9morandum en question et ce, dans un contexte marqu\u00e9 par une confusion politique g\u00e9n\u00e9rale dans le pays.<\/p>\n<p>Certains observateurs vont plus loin et craignent que les tractations politiques ne p\u00e8sent sur ces projets encore inconnus financ\u00e9s par ce nouveau pr\u00eat et qui risquent, de ce fait, de connaitre le m\u00eame sort que nombre d\u2019autres projets qui sont rest\u00e9s inachev\u00e9s voire m\u00eame en stand-by malgr\u00e9 la mobilisation des fonds n\u00e9cessaires.<\/p>\n<p><span class=\"ssb_inline-share_heading left\">Cet article vous a \u00e9t\u00e9 utile? Partagez le, il int\u00e9ressera d\u2019autres personnes. Merci!<\/span><\/p>\n<div class=\"simplesocialbuttons simplesocial-round-btm-border simplesocialbuttons_inline simplesocialbuttons-align-left post-672207 post simplesocialbuttons-inline-no-animation\"><button class=\"simplesocial-fb-share\" target=\"_blank\" data-href=\"https:\/\/www.facebook.com\/sharer\/sharer.php?u=https:\/\/www.tunisienumerique.com\/un-financement-italien-de-pres-de-700-millions-de-dinars-a-la-tunisie-pour-relancer-leconomie\/\" onclick=\"javascript:window.open(this.dataset.href, '', 'menubar=no,toolbar=no,resizable=yes,scrollbars=yes,height=600,width=600');return false;\"><span class=\"simplesocialtxt\">Facebook<\/span><\/button> <button class=\"simplesocial-twt-share\" data-href=\"https:\/\/twitter.com\/share?text=Un+financement+italien+de+pr%C3%A8s+de+700+millions+de+dinars+%C3%A0+la+Tunisie+pour+%C2%AB+relancer+%C2%BB+l%E2%80%99%C3%A9conomie&amp;url=https:\/\/www.tunisienumerique.com\/un-financement-italien-de-pres-de-700-millions-de-dinars-a-la-tunisie-pour-relancer-leconomie\/\" rel=\"nofollow\" onclick=\"javascript:window.open(this.dataset.href, '', 'menubar=no,toolbar=no,resizable=yes,scrollbars=yes,height=600,width=600');return false;\"><span class=\"simplesocialtxt\">Twitter<\/span><\/button> <button target=\"popup\" class=\"simplesocial-linkedin-share\" data-href=\"https:\/\/www.linkedin.com\/cws\/share?url=https:\/\/www.tunisienumerique.com\/un-financement-italien-de-pres-de-700-millions-de-dinars-a-la-tunisie-pour-relancer-leconomie\/\" onclick=\"javascript:window.open(this.dataset.href, '', 'menubar=no,toolbar=no,resizable=yes,scrollbars=yes,height=600,width=600');return false;\"><span class=\"simplesocialtxt\">LinkedIn<\/span><\/button> <button onclick=\"javascript:window.open(this.dataset.href, '_blank' );return false;\" class=\"simplesocial-whatsapp-share\" data-href=\"https:\/\/api.whatsapp.com\/send?text=https:\/\/www.tunisienumerique.com\/un-financement-italien-de-pres-de-700-millions-de-dinars-a-la-tunisie-pour-relancer-leconomie\/\"><span class=\"simplesocialtxt\">WhatsApp<\/span><\/button><\/p>\n<\/div>\n<p><strong>Que se passe-t-il en Tunisie?<\/strong><br \/>Nous expliquons sur notre <a href=\"https:\/\/www.youtube.com\/channel\/UCRzypVq0B_yBad5eGrwBx0Q?sub_confirmation=1\" target=\"_blank\" rel=\"noopener\">cha\u00eene YouTube<\/a> . <a href=\"https:\/\/www.youtube.com\/channel\/UCRzypVq0B_yBad5eGrwBx0Q?sub_confirmation=1\" target=\"_blank\" rel=\"noopener\">Abonnez-vous!<\/a><\/p>\n<div class=\"mvp-org-wrap\" itemprop=\"publisher\">\n<div class=\"mvp-org-logo\" itemprop=\"logo\"><img decoding=\"async\" src=\"https:\/\/www.tunisienumerique.com\/wp-content\/uploads\/2017\/02\/logo_tunisie_numerique.png\"\/><br \/>\n<meta itemprop=\"url\" content=\"https:\/\/www.tunisienumerique.com\/wp-content\/uploads\/2017\/02\/logo_tunisie_numerique.png\"\/><\/div>\n<p><meta content=\"Tunisie\"\/><\/div>\n<div class=\"mvp-related-posts left relative\">\n<h4 class=\"post-header\"><span class=\"post-header\">Lire aussi<\/span><\/h4>\n<\/div>\n<div id=\"article-ad\">\n <ins class=\"adsbygoogle c5\" data-ad-client=\"ca-pub-2102118777505746\" data-ad-slot=\"6513972734\" data-ad-format=\"auto\" data-full-width-responsive=\"true\"\/>\n<\/div>\n<\/div>\n<div id=\"post-sidebar-wrap\">\n <ins class=\"adsbygoogle c5\" data-ad-client=\"ca-pub-2102118777505746\" data-ad-slot=\"6168283410\" data-ad-format=\"auto\" data-full-width-responsive=\"true\"\/>\n<\/div>\n<p>Auteur: Mohamed Ben Abderrazek<br \/>\n<a href=\"https:\/\/www.tunisienumerique.com\/un-financement-italien-de-pres-de-700-millions-de-dinars-a-la-tunisie-pour-relancer-leconomie\/\">Cliquez ici pour lire l&rsquo;article depuis sa source.<\/a><\/p>\n","protected":false},"excerpt":{"rendered":"<p>Par Mohamed Ben Abderrazek \u00a0| Il y a 2 minutes Cet article vous a \u00e9t\u00e9 utile? Partagez le, il int\u00e9ressera d\u2019autres personnes. Merci! Facebook Twitter LinkedIn WhatsApp Un m\u00e9morandum d\u2019entente de coop\u00e9ration tuniso-italienne dans le domaine du d\u00e9veloppement au titre de la p\u00e9riode 2021-2023 a \u00e9t\u00e9 sign\u00e9, aujourd\u2019hui mercredi 16 juin 2021, \u00e0 Rome, entre [&hellip;]<\/p>\n","protected":false},"author":1789,"featured_media":0,"comment_status":"closed","ping_status":"closed","sticky":false,"template":"","format":"standard","meta":{"fifu_image_url":"https:\/\/secure.gravatar.com\/avatar\/b658f27b24160a89d557421a966e5ca1?s=50&d=mm&r=g","fifu_image_alt":"Un financement italien de pr\u00e8s de 700 millions de dinars \u00e0 la Tunisie pour \u00ab relancer \u00bb l\u2019\u00e9conomie","footnotes":""},"categories":[73,55],"tags":[],"class_list":["post-118718","post","type-post","status-publish","format-standard","hentry","category-actualite","category-tunisie"],"_links":{"self":[{"href":"https:\/\/linitiative.ca\/International\/wp-json\/wp\/v2\/posts\/118718","targetHints":{"allow":["GET"]}}],"collection":[{"href":"https:\/\/linitiative.ca\/International\/wp-json\/wp\/v2\/posts"}],"about":[{"href":"https:\/\/linitiative.ca\/International\/wp-json\/wp\/v2\/types\/post"}],"author":[{"embeddable":true,"href":"https:\/\/linitiative.ca\/International\/wp-json\/wp\/v2\/users\/1789"}],"replies":[{"embeddable":true,"href":"https:\/\/linitiative.ca\/International\/wp-json\/wp\/v2\/comments?post=118718"}],"version-history":[{"count":0,"href":"https:\/\/linitiative.ca\/International\/wp-json\/wp\/v2\/posts\/118718\/revisions"}],"wp:attachment":[{"href":"https:\/\/linitiative.ca\/International\/wp-json\/wp\/v2\/media?parent=118718"}],"wp:term":[{"taxonomy":"category","embeddable":true,"href":"https:\/\/linitiative.ca\/International\/wp-json\/wp\/v2\/categories?post=118718"},{"taxonomy":"post_tag","embeddable":true,"href":"https:\/\/linitiative.ca\/International\/wp-json\/wp\/v2\/tags?post=118718"}],"curies":[{"name":"wp","href":"https:\/\/api.w.org\/{rel}","templated":true}]}}