{"id":118719,"date":"2021-06-16T16:06:02","date_gmt":"2021-06-16T20:06:02","guid":{"rendered":"https:\/\/linitiative.ca\/International\/fin-de-mandat-de-fatou-bensouda-a-la-cpi\/"},"modified":"2021-06-16T16:06:02","modified_gmt":"2021-06-16T20:06:02","slug":"fin-de-mandat-de-fatou-bensouda-a-la-cpi","status":"publish","type":"post","link":"https:\/\/linitiative.ca\/International\/fin-de-mandat-de-fatou-bensouda-a-la-cpi\/","title":{"rendered":"FIN DE MANDAT DE FATOU BENSOUDA A LA CPI"},"content":{"rendered":"<p class=\"c4\"><em>Apr\u00e8s neuf ans de services \u00e0 la Cour p\u00e9nale internationale (CPI) en tant que procureure, la Gambienne Fatou Bensouda a pass\u00e9, le 16 juin 2021, le t\u00e9moin au Britannique Karim Khan. Ce dernier, connu pour \u00eatre un sp\u00e9cialiste de la Justice internationale, aura de nombreux d\u00e9fis \u00e0 relever surtout qu\u2019il arrive au moment o\u00f9 la CPI fait l\u2019objet de nombreuses critiques. Car, il faut le dire, sous Fatou Bensouda, la CPI a connu plus de bas que de hauts et ce, au regard des revers judiciaires retentissants qu\u2019elle a enregistr\u00e9s et qui ont\u00a0 failli m\u00eame entamer sa cr\u00e9dibilit\u00e9. Tout commence en 2014, lorsqu\u2019accus\u00e9s de crimes contre l\u2019humanit\u00e9, l\u2019actuel pr\u00e9sident du Kenya, Uhuru Kenyatta et son colistier, poursuivis par la CPI, ont fini par \u00eatre acquitt\u00e9s du fait de l\u2019incapacit\u00e9 du bureau du procureur \u00e0 apporter des preuves devant permettre l\u2019ouverture d\u2019un proc\u00e8s et ce, alors m\u00eame qu\u2019environ 1300 personnes ont p\u00e9ri au lendemain de la pr\u00e9sidentielle de 2007. S\u2019ensuit plus tard l\u2019acquittement du pr\u00e9sident du Mouvement de lib\u00e9ration du Congo (MLC), Jean Pierre Bemba, alors poursuivi pour \u00ab\u00a0crimes de guerre et crimes contre l\u2019humanit\u00e9\u00a0\u00bb. R\u00e9vuls\u00e9, l\u2019ancien seigneur de guerre congolais n\u2019a \u00a0pas h\u00e9sit\u00e9 \u00e0 r\u00e9clamer plus de\u00a0 68 millions d\u2019euros en guise d\u2019indemnisation et de dommages et int\u00e9r\u00eats \u00e0 la CPI pour tant d\u2019ann\u00e9es pass\u00e9es en prison. Et ce n\u2019est pas tout. Car, apr\u00e8s plusieurs ann\u00e9es d\u2019investigations, le bureau du procureur n\u2019a pas r\u00e9ussi \u00e0 prouver la culpabilit\u00e9 de l\u2019ancien pr\u00e9sident Laurent Gbagbo et son homme-lige Charles Bl\u00e9 Goud\u00e9 dans la crise post-\u00e9lectorale de 2010-2011, en C\u00f4te d\u2019Ivoire, qui a co\u00fbt\u00e9 la vie \u00e0 plus de 3000 personnes. Tant et si bien que ces deux personnalit\u00e9s, \u00e0 la surprise g\u00e9n\u00e9rale, ont fini par \u00eatre acquitt\u00e9es et s\u2019appr\u00eatent m\u00eame \u00e0 retourner au bercail et ce, apr\u00e8s\u00a0 environ une d\u00e9cennie derri\u00e8re les barreaux.<\/em><\/p>\n<p class=\"c4\"><em>\u00a0<\/em><\/p>\n<p class=\"c6\"><strong><em>On se demande si son successeur arrivera \u00e0 restaurer la confiance\u00a0 entre la Cour et le continent africain<\/em><\/strong><\/p>\n<p class=\"c4\"><em>\u00a0<\/em><\/p>\n<p class=\"c4\"><em>\u00a0<\/em><\/p>\n<p class=\"c4\"><em>Qu\u2019est-ce qui peut expliquer ces \u00e9checs r\u00e9currents qui n\u2019honorent pas la CPI et dont certains n\u2019h\u00e9sitent pas \u00e0 dire qu\u2019elle s\u2019acharne sur les Africains et ferme obstin\u00e9ment les yeux sur les d\u00e9rives des dirigeants occidentaux\u00a0? Vrai ou faux\u00a0? Difficile de r\u00e9pondre \u00e0 cette question. Pour le moins, on sait seulement que sous le magist\u00e8re de Bensouda, la CPI a beaucoup enqu\u00eat\u00e9 en Afrique, notamment en Centrafrique, au Mali, en Guin\u00e9e, au Soudan et en Libye. La m\u00e9fiance entre elle et l\u2019Afrique \u00e9tait telle que certains pays, en 2016 et 2017, n\u2019avaient pas h\u00e9sit\u00e9 \u00e0 claquer la porte en se retirant du statut de R\u00f4me. Il s\u2019agit, pour ne pas les nommer, de la Gambie dont est originaire Fatou Bensouda, du Burundi et de l\u2019Afrique du Sud. Sans oublier que d\u2019autres pays sont en embuscade. C\u2019est dire si le mandat de Fatou Bensouda a \u00e9t\u00e9 marqu\u00e9 par une forte opposition africaine \u00e0 la CPI. Si fait que l\u2019on se demande si son successeur arrivera \u00e0 restaurer la confiance\u00a0 entre la Cour et le continent africain. Il y a d\u2019autant plus int\u00e9r\u00eat que la juridiction internationale avait aussi maille \u00e0 partir avec les Etats-Unis lorsqu\u2019elle a annonc\u00e9 sa volont\u00e9 d\u2019enqu\u00eater sur les\u00a0crimes de guerre et crimes contre l\u2019humanit\u00e9 pr\u00e9sum\u00e9s commis en Afghanistan, en Isra\u00ebl\u00a0 et en Cisjordanie. Tr\u00e8s remont\u00e9, le pr\u00e9sident am\u00e9ricain d\u2019alors, Donald Trump, avait interdit de voyage et gel\u00e9 les avoirs de la procureure aux USA. C\u2019est dire \u00e0 quel point les d\u00e9fis qui attendent le nouveau procureur de la CPI sont immenses. Il se doit donc de mettre le pied \u00e0 l\u2019\u00e9trier s\u2019il veut r\u00e9ussir l\u2019ouverture de la CPI au reste du monde.<\/em><\/p>\n<p class=\"c4\"><em>\u00a0<\/em><\/p>\n<p class=\"c6\"><strong><em>Boundi OUOBA\u00a0<\/em><\/strong><\/p>\n<p>Auteur: Editions LEPAYS<br \/>\n<a href=\"https:\/\/lepays.bf\/fin-de-mandat-de-fatou-bensouda-a-la-cpi-2\/\">Cliquez ici pour lire l&rsquo;article depuis sa source.<\/a><\/p>\n","protected":false},"excerpt":{"rendered":"<p>Apr\u00e8s neuf ans de services \u00e0 la Cour p\u00e9nale internationale (CPI) en tant que procureure, la Gambienne Fatou Bensouda a pass\u00e9, le 16 juin 2021, le t\u00e9moin au Britannique Karim Khan. Ce dernier, connu pour \u00eatre un sp\u00e9cialiste de la Justice internationale, aura de nombreux d\u00e9fis \u00e0 relever surtout qu\u2019il arrive au moment o\u00f9 la [&hellip;]<\/p>\n","protected":false},"author":1813,"featured_media":0,"comment_status":"closed","ping_status":"closed","sticky":false,"template":"","format":"standard","meta":{"fifu_image_url":"","fifu_image_alt":"","footnotes":""},"categories":[73,81],"tags":[],"class_list":["post-118719","post","type-post","status-publish","format-standard","hentry","category-actualite","category-burkina-faso"],"_links":{"self":[{"href":"https:\/\/linitiative.ca\/International\/wp-json\/wp\/v2\/posts\/118719","targetHints":{"allow":["GET"]}}],"collection":[{"href":"https:\/\/linitiative.ca\/International\/wp-json\/wp\/v2\/posts"}],"about":[{"href":"https:\/\/linitiative.ca\/International\/wp-json\/wp\/v2\/types\/post"}],"author":[{"embeddable":true,"href":"https:\/\/linitiative.ca\/International\/wp-json\/wp\/v2\/users\/1813"}],"replies":[{"embeddable":true,"href":"https:\/\/linitiative.ca\/International\/wp-json\/wp\/v2\/comments?post=118719"}],"version-history":[{"count":0,"href":"https:\/\/linitiative.ca\/International\/wp-json\/wp\/v2\/posts\/118719\/revisions"}],"wp:attachment":[{"href":"https:\/\/linitiative.ca\/International\/wp-json\/wp\/v2\/media?parent=118719"}],"wp:term":[{"taxonomy":"category","embeddable":true,"href":"https:\/\/linitiative.ca\/International\/wp-json\/wp\/v2\/categories?post=118719"},{"taxonomy":"post_tag","embeddable":true,"href":"https:\/\/linitiative.ca\/International\/wp-json\/wp\/v2\/tags?post=118719"}],"curies":[{"name":"wp","href":"https:\/\/api.w.org\/{rel}","templated":true}]}}