{"id":118720,"date":"2021-06-16T16:10:05","date_gmt":"2021-06-16T20:10:05","guid":{"rendered":"https:\/\/linitiative.ca\/International\/condamnation-en-appel-de-vital-kamerhe\/"},"modified":"2021-06-16T16:10:05","modified_gmt":"2021-06-16T20:10:05","slug":"condamnation-en-appel-de-vital-kamerhe","status":"publish","type":"post","link":"https:\/\/linitiative.ca\/International\/condamnation-en-appel-de-vital-kamerhe\/","title":{"rendered":"CONDAMNATION EN APPEL DE VITAL KAMERHE"},"content":{"rendered":"<p class=\"c4\"><em>Reconnu coupable de \u00ab\u00a0d\u00e9tournement\u00a0\u00bb de fonds publics, en appel, Vital Kamerhe a n\u00e9anmoins vu sa peine r\u00e9duite de 20 \u00e0 13 ans de travaux forc\u00e9s\u00a0; ce qui correspond, dans les faits, \u00e0 la prison. L\u2019homme d\u2019affaires libanais, Samih Jammal, 79 ans, a, pour sa part, vu ses vingt ans de r\u00e9clusion se muer en six ann\u00e9es d\u2019emprisonnement. Quant \u00e0 Jeannot Muhima Ndoole, troisi\u00e8me coaccus\u00e9 dans ce proc\u00e8s dit \u00ab\u00a0des cent jours\u00a0\u00bb, sa condamnation a \u00e9t\u00e9 r\u00e9duite de moiti\u00e9, passant de deux \u00e0 un an d\u2019enfermement.\u00a0<\/em> <em>Ainsi en ont d\u00e9cid\u00e9 les juges d\u2019appel qui viennent ainsi de sceller le sort de l\u2019ancien Directeur de cabinet du pr\u00e9sident congolais, F\u00e9lix Tshisekedi, et de ses coaccus\u00e9s. Pour rappel, Vital Kamerhe et Samih Jammal ont \u00e9t\u00e9 reconnus coupables du d\u00e9tournement de plus de 50 millions de dollars de fonds publics engag\u00e9s dans le programme \u00ab\u00a0des cent jours\u00a0\u00bb, lanc\u00e9 par F\u00e9lix Tshisekedi dans les mois qui ont suivi son accession au pouvoir.\u00a0 Sans surprise, la confirmation de la culpabilit\u00e9 de Vital Kamerhe a provoqu\u00e9 l\u2019ire de l\u2019Union pour la nation congolaise (UNC), la formation de celui qui fut le principal alli\u00e9 de F\u00e9lix Tshisekedi lors de la campagne pr\u00e9sidentielle qui a port\u00e9 ce dernier au pouvoir.\u00a0<\/em> <em>D\u00e9non\u00e7ant \u00ab\u00a0un proc\u00e8s politique\u00a0\u00bb, l\u2019UNC ne compte pas rester les bras crois\u00e9s\u00a0; elle vient de sonner la mobilisation de ses troupes en appelant \u00e0 des manifestations tous azimuts, comme s\u2019il s\u2019agit, pour elle, de laver un affront avec les d\u00e9tergents de la col\u00e8re et de la protestation.<\/em><\/p>\n<p class=\"c4\"><em>\u00a0<\/em><\/p>\n<p class=\"c6\"><strong><em>Ce verdict semble avoir sonn\u00e9 le glas de la carri\u00e8re politique du leader de l\u2019UNC<\/em><\/strong><\/p>\n<p class=\"c4\"><em>\u00a0<\/em><\/p>\n<p class=\"c4\"><em>\u00a0<\/em><\/p>\n<p class=\"c4\"><em>Que feront les partisans et sympathisants de l\u2019ancien pr\u00e9sident de l\u2019Assembl\u00e9e nationale sous le r\u00e9gime Kabila, qui n\u2019exigeaient ni plus ni moins que l\u2019acquittement de leur champion ?\u00a0 R\u00e9pondront-ils \u00e0 l\u2019appel par des troubles \u00e0 l\u2019ordre public voire pire ? Si tel est le projet, c\u2019est un pas qu\u2019ils doivent se garder de franchir. Car, ni la violence, ni le d\u00e9sordre ne sauraient \u00eatre la solution \u00e0 leur d\u00e9sarroi.\u00a0<\/em> <em>Et pour autant que le droit ait \u00e9t\u00e9 dit, la sagesse commande qu\u2019ils se plient au verdict plut\u00f4t que de vouloir absoudre leur leader de ses p\u00e9ch\u00e9s et se substituer \u00e0 la Justice.\u00a0 \u00ab\u00a0Dura lex, sed lex\u00a0\u00bb. L\u2019Etat de droit a ses exigences auxquelles nul ne devrait se soustraire, pas m\u00eame un ancien alli\u00e9 de chef d\u2019Etat en exercice.\u00a0<\/em> <em>Cela dit, ce verdict semble avoir sonn\u00e9 le glas de la carri\u00e8re politique du leader de l\u2019UNC et \u00e0 moins d\u2019un spectaculaire coup de pouce du destin, on ne voit pas de quelle mani\u00e8re il pourrait revenir de cet enfer.\u00a0 Et il faut croire que les rodomontades de son parti qui n\u2019\u00e9carte pas la possibilit\u00e9 de \u00ab\u00a0suspendre sa participation aux institutions\u00a0\u00bb, n\u2019y feront rien. Le parti ira-t-il jusqu\u2019\u00e0 se retirer du gouvernement\u00a0? Plus facile \u00e0 dire qu\u2019\u00e0 faire. Certes, un tel sc\u00e9nario affaiblirait l\u2019Union sacr\u00e9e dont est membre l\u2019UNC. Certes, ce sc\u00e9nario engendrerait un nouveau round de n\u00e9gociations difficiles entre les composantes de la tr\u00e8s h\u00e9t\u00e9rog\u00e8ne majorit\u00e9. Mais avec ses cinq ministres au gouvernement, on peut d\u00e9j\u00e0 se demander si le parti de Kamerhe osera renoncer \u00e0 ses privil\u00e8ges pour sauver un homme politiquement\u2026 fini ou presque.<\/em><\/p>\n<p class=\"c4\"><em>\u00a0<\/em><\/p>\n<p class=\"c6\"><strong><em>CBS<\/em><\/strong><\/p>\n<p class=\"c4\"><em>\u00a0<\/em><\/p>\n<p class=\"c4\"><em>\u00a0<\/em><\/p>\n<p class=\"c4\"><em>\u00a0<\/em><\/p>\n<p class=\"c4\"><em>\u00a0<\/em><\/p>\n<p class=\"c4\"><em>\u00a0<\/em><\/p>\n<p>Auteur: Editions LEPAYS<br \/>\n<a href=\"https:\/\/lepays.bf\/condamnation-en-appel-de-vital-kamerhe\/\">Cliquez ici pour lire l&rsquo;article depuis sa source.<\/a><\/p>\n","protected":false},"excerpt":{"rendered":"<p>Reconnu coupable de \u00ab\u00a0d\u00e9tournement\u00a0\u00bb de fonds publics, en appel, Vital Kamerhe a n\u00e9anmoins vu sa peine r\u00e9duite de 20 \u00e0 13 ans de travaux forc\u00e9s\u00a0; ce qui correspond, dans les faits, \u00e0 la prison. L\u2019homme d\u2019affaires libanais, Samih Jammal, 79 ans, a, pour sa part, vu ses vingt ans de r\u00e9clusion se muer en six [&hellip;]<\/p>\n","protected":false},"author":1813,"featured_media":0,"comment_status":"closed","ping_status":"closed","sticky":false,"template":"","format":"standard","meta":{"fifu_image_url":"","fifu_image_alt":"","footnotes":""},"categories":[73,81],"tags":[],"class_list":["post-118720","post","type-post","status-publish","format-standard","hentry","category-actualite","category-burkina-faso"],"_links":{"self":[{"href":"https:\/\/linitiative.ca\/International\/wp-json\/wp\/v2\/posts\/118720","targetHints":{"allow":["GET"]}}],"collection":[{"href":"https:\/\/linitiative.ca\/International\/wp-json\/wp\/v2\/posts"}],"about":[{"href":"https:\/\/linitiative.ca\/International\/wp-json\/wp\/v2\/types\/post"}],"author":[{"embeddable":true,"href":"https:\/\/linitiative.ca\/International\/wp-json\/wp\/v2\/users\/1813"}],"replies":[{"embeddable":true,"href":"https:\/\/linitiative.ca\/International\/wp-json\/wp\/v2\/comments?post=118720"}],"version-history":[{"count":0,"href":"https:\/\/linitiative.ca\/International\/wp-json\/wp\/v2\/posts\/118720\/revisions"}],"wp:attachment":[{"href":"https:\/\/linitiative.ca\/International\/wp-json\/wp\/v2\/media?parent=118720"}],"wp:term":[{"taxonomy":"category","embeddable":true,"href":"https:\/\/linitiative.ca\/International\/wp-json\/wp\/v2\/categories?post=118720"},{"taxonomy":"post_tag","embeddable":true,"href":"https:\/\/linitiative.ca\/International\/wp-json\/wp\/v2\/tags?post=118720"}],"curies":[{"name":"wp","href":"https:\/\/api.w.org\/{rel}","templated":true}]}}