{"id":118723,"date":"2021-06-15T19:07:17","date_gmt":"2021-06-15T23:07:17","guid":{"rendered":"https:\/\/linitiative.ca\/International\/vaccin-contre-la-covid-19-20-315-personnes-deja-vaccinees\/"},"modified":"2021-06-15T19:07:17","modified_gmt":"2021-06-15T23:07:17","slug":"vaccin-contre-la-covid-19-20-315-personnes-deja-vaccinees","status":"publish","type":"post","link":"https:\/\/linitiative.ca\/International\/vaccin-contre-la-covid-19-20-315-personnes-deja-vaccinees\/","title":{"rendered":"Vaccin contre la COVID-19 : 20 315 personnes d\u00e9j\u00e0 vaccin\u00e9es"},"content":{"rendered":"<div class=\"td-post-featured-image\">\n<figure><a href=\"https:\/\/www.sidwaya.info\/wp-content\/uploads\/2021\/06\/j.jpg\" data-caption=\"Le ministre de la Sant\u00e9, Pr Charlemagne Ou\u00e9draogo : \u00ab Nous avons 20 315 vaccin\u00e9s, c\u2019est en-de\u00e7\u00e0 de nos attentes mais c\u2019est encourageant \u00bb.\"><img loading=\"lazy\" decoding=\"async\" width=\"696\" height=\"510\" class=\"entry-thumb td-modal-image\" src=\"https:\/\/www.sidwaya.info\/wp-content\/uploads\/2021\/06\/j-696x510.jpg\" srcset=\"https:\/\/www.sidwaya.info\/wp-content\/uploads\/2021\/06\/j-696x510.jpg 696w, https:\/\/www.sidwaya.info\/wp-content\/uploads\/2021\/06\/j-300x220.jpg 300w, https:\/\/www.sidwaya.info\/wp-content\/uploads\/2021\/06\/j-768x563.jpg 768w, https:\/\/www.sidwaya.info\/wp-content\/uploads\/2021\/06\/j-150x110.jpg 150w, https:\/\/www.sidwaya.info\/wp-content\/uploads\/2021\/06\/j-573x420.jpg 573w, https:\/\/www.sidwaya.info\/wp-content\/uploads\/2021\/06\/j-80x60.jpg 80w, https:\/\/www.sidwaya.info\/wp-content\/uploads\/2021\/06\/j.jpg 776w\" sizes=\"auto, (max-width: 696px) 100vw, 696px\" alt=\"\" title=\"j\"\/><\/a><figcaption class=\"wp-caption-text\">Le ministre de la Sant\u00e9, Pr Charlemagne Ou\u00e9draogo : \u00ab Nous avons 20 315 vaccin\u00e9s, c\u2019est en-de\u00e7\u00e0 de nos attentes mais c\u2019est encourageant \u00bb.<\/figcaption><\/figure>\n<\/div>\n<p><strong>Le minist\u00e8re de la Sant\u00e9 a organis\u00e9, le mardi 15 juin 2021, \u00e0 Ouagadougou, une rencontre d\u2019informations avec les journalistes sur l\u2019introduction de la vaccination contre la COVID-19 au Burkina Faso.<\/strong><\/p>\n<p>Deux semaines apr\u00e8s le lancement de la vaccination contre la COVID-19 au Burkina Faso, 20 315 personnes, dont 9 158 agents de sant\u00e9, ont re\u00e7u la premi\u00e8re dose du vaccin Astra Zeneca. C\u2019est l\u2019information donn\u00e9e par le minist\u00e8re de la Sant\u00e9 au cours d\u2019une rencontre d\u2019informations avec des journalistes sur la vaccination contre la COVID-19 tenue, le mardi 15 juin 2021, \u00e0 Ouagadougou. Selon le Directeur g\u00e9n\u00e9ral de la sant\u00e9 publique (DGSP), Emmanuel S\u00e9ini, l\u2019objectif de cette rencontre est d\u2019informer les acteurs des m\u00e9dias sur la situation de la vaccination contre la COVID-19 en cours et solliciter leur contribution pour une diffusion de l\u2019information \u00ab juste \u00bb aupr\u00e8s des populations.<\/p>\n<p>Pour lui, la vaccination est l\u2019une des \u00ab armes connues et reconnues \u00bb pour lutter contre les \u00e9pid\u00e9mies contre lesquelles des vaccins existent. \u00ab Malgr\u00e9 les tendances \u00e9pid\u00e9miologiques favorables \u00e0 l\u2019heure actuelle, vacciner reste l\u2019un des outils pour compl\u00e9ter l\u2019arsenal de riposte contre la COVID-19\u00bb, a-t-il indiqu\u00e9. Aux dires du DGSP, les vaccins prot\u00e8gent contre les formes s\u00e9v\u00e8res et r\u00e9duisent la mortalit\u00e9 des personnes vuln\u00e9rables. \u00ab Les vaccins aident le corps \u00e0 produire des anticorps et r\u00e9duisent la propagation du virus entre les personnes. Ils r\u00e9duisent \u00e9galement la circulation mondiale des variants \u00bb, a-t-il pr\u00e9cis\u00e9. Par rapport aux effets secondaires du vaccin, Dr S\u00e9ini a rassur\u00e9 qu\u2019aucune Manifestation post-vaccinale ind\u00e9sirable (MAPI) grave n\u2019a \u00e9t\u00e9 notifi\u00e9e depuis l\u2019administration des premi\u00e8res doses. Il a laiss\u00e9 entendre qu\u2019en cas d\u2019effets secondaires g\u00eanants ou persistants, les vaccin\u00e9s doivent se faire consulter dans les formations sanitaires.<\/p>\n<p>Pour le ministre de la Sant\u00e9, Pr Charlemagne Ou\u00e9draogo, l\u2019absence de vaccination favorise l\u2019\u00e9mergence d\u2019autres variants de la COVID-19. A l\u2019en croire, le Burkina Faso se pr\u00e9pare \u00e0 accueillir d\u2019autres doses de vaccins au mois d\u2019ao\u00fbt. Ces vaccins en plus d\u2019Astra Zeneca, a-t-il confi\u00e9, seront des vaccins chinois et am\u00e9ricains. \u00ab Si nous refusons, o\u00f9 si nous sommes lents \u00e0 aller vers la vaccination, si les fronti\u00e8res s\u2019ouvrent et que nous recevons une vague de personnes porteuses de la maladie, la situation va s\u2019aggraver \u00bb, a-t-il soulign\u00e9. Aux dires du ministre Ou\u00e9draogo, le d\u00e9partement qu\u2019il dirige entend anticiper afin de pr\u00e9venir. \u00ab Nous souhaitons vivement qu\u2019au-del\u00e0 de l\u2019aspect communication, nous puissions consid\u00e9rer la situation comme grave et aller r\u00e9solument vers la vaccination pour compl\u00e9ter l\u2019arsenal de lutte contre la COVID-19 \u00bb, a-t-il laiss\u00e9 entendre. Il a rassur\u00e9 que le vaccin est gratuit sur toute l\u2019\u00e9tendue du territoire national. La campagne de vaccination se poursuit dans les centres de sant\u00e9. Le co\u00fbt global du plan national de d\u00e9ploiement du vaccin est de 53 milliards F CFA, dont 17 milliards sont support\u00e9s par le m\u00e9canisme COVAX.<\/p>\n<p class=\"c1\"><strong>Emmanuel BICABA<\/strong><br \/><strong>Timoth\u00e9e SOME<\/strong><\/p>\n<div class=\"td-a-rec td-a-rec-id-content_bottom tdi_33_ca2 td_block_template_1\">\n<p><img loading=\"lazy\" decoding=\"async\" class=\"aligncenter size-full wp-image-27454\" src=\"https:\/\/www.sidwaya.info\/wp-content\/uploads\/2020\/10\/PUB-Bandeau-paiement-mobile-siteweb.jpg\" alt=\"\" width=\"728\" height=\"90\"\/><\/div>\n<p>Auteur: JK. Sidwaya<br \/>\n<a href=\"https:\/\/www.sidwaya.info\/blog\/2021\/06\/15\/vaccin-contre-la-covid-19-20-315-personnes-deja-vaccinees\/\">Cliquez ici pour lire l&rsquo;article depuis sa source.<\/a><\/p>\n","protected":false},"excerpt":{"rendered":"<p>Le ministre de la Sant\u00e9, Pr Charlemagne Ou\u00e9draogo : \u00ab Nous avons 20 315 vaccin\u00e9s, c\u2019est en-de\u00e7\u00e0 de nos attentes mais c\u2019est encourageant \u00bb. Le minist\u00e8re de la Sant\u00e9 a organis\u00e9, le mardi 15 juin 2021, \u00e0 Ouagadougou, une rencontre d\u2019informations avec les journalistes sur l\u2019introduction de la vaccination contre la COVID-19 au Burkina Faso. [&hellip;]<\/p>\n","protected":false},"author":1816,"featured_media":0,"comment_status":"closed","ping_status":"closed","sticky":false,"template":"","format":"standard","meta":{"fifu_image_url":"https:\/\/www.sidwaya.info\/wp-content\/uploads\/2021\/06\/j-696x510.jpg","fifu_image_alt":"Vaccin contre la COVID-19 : 20 315 personnes d\u00e9j\u00e0 vaccin\u00e9es","footnotes":""},"categories":[73,81],"tags":[],"class_list":["post-118723","post","type-post","status-publish","format-standard","hentry","category-actualite","category-burkina-faso"],"_links":{"self":[{"href":"https:\/\/linitiative.ca\/International\/wp-json\/wp\/v2\/posts\/118723","targetHints":{"allow":["GET"]}}],"collection":[{"href":"https:\/\/linitiative.ca\/International\/wp-json\/wp\/v2\/posts"}],"about":[{"href":"https:\/\/linitiative.ca\/International\/wp-json\/wp\/v2\/types\/post"}],"author":[{"embeddable":true,"href":"https:\/\/linitiative.ca\/International\/wp-json\/wp\/v2\/users\/1816"}],"replies":[{"embeddable":true,"href":"https:\/\/linitiative.ca\/International\/wp-json\/wp\/v2\/comments?post=118723"}],"version-history":[{"count":0,"href":"https:\/\/linitiative.ca\/International\/wp-json\/wp\/v2\/posts\/118723\/revisions"}],"wp:attachment":[{"href":"https:\/\/linitiative.ca\/International\/wp-json\/wp\/v2\/media?parent=118723"}],"wp:term":[{"taxonomy":"category","embeddable":true,"href":"https:\/\/linitiative.ca\/International\/wp-json\/wp\/v2\/categories?post=118723"},{"taxonomy":"post_tag","embeddable":true,"href":"https:\/\/linitiative.ca\/International\/wp-json\/wp\/v2\/tags?post=118723"}],"curies":[{"name":"wp","href":"https:\/\/api.w.org\/{rel}","templated":true}]}}