{"id":118724,"date":"2021-06-15T19:19:01","date_gmt":"2021-06-15T23:19:01","guid":{"rendered":"https:\/\/linitiative.ca\/International\/gestion-des-inondations-et-secheresses-dans-le-bassin-de-la-volta-promouvoir-les-solutions-fondees-sur-la-nature\/"},"modified":"2021-06-15T19:19:01","modified_gmt":"2021-06-15T23:19:01","slug":"gestion-des-inondations-et-secheresses-dans-le-bassin-de-la-volta-promouvoir-les-solutions-fondees-sur-la-nature","status":"publish","type":"post","link":"https:\/\/linitiative.ca\/International\/gestion-des-inondations-et-secheresses-dans-le-bassin-de-la-volta-promouvoir-les-solutions-fondees-sur-la-nature\/","title":{"rendered":"Gestion des inondations et s\u00e9cheresses dans le bassin de la Volta : Promouvoir les \u00ab solutions fond\u00e9es  sur la nature \u00bb"},"content":{"rendered":"<div class=\"td-post-featured-image\">\n<figure><a href=\"https:\/\/www.sidwaya.info\/wp-content\/uploads\/2021\/06\/environnement.jpg\" data-caption=\"Le gouvernement et ses partenaires ont salu\u00e9 la tenue de l\u2019atelier r\u00e9gional d\u2019\u00e9changes sur la nouvelle approche (les SFN) d\u2019adaptation au changement climatique.\"><img loading=\"lazy\" decoding=\"async\" width=\"696\" height=\"475\" class=\"entry-thumb td-modal-image\" src=\"https:\/\/www.sidwaya.info\/wp-content\/uploads\/2021\/06\/environnement-696x475.jpg\" srcset=\"https:\/\/www.sidwaya.info\/wp-content\/uploads\/2021\/06\/environnement-696x475.jpg 696w, https:\/\/www.sidwaya.info\/wp-content\/uploads\/2021\/06\/environnement-300x205.jpg 300w, https:\/\/www.sidwaya.info\/wp-content\/uploads\/2021\/06\/environnement-768x524.jpg 768w, https:\/\/www.sidwaya.info\/wp-content\/uploads\/2021\/06\/environnement-150x102.jpg 150w, https:\/\/www.sidwaya.info\/wp-content\/uploads\/2021\/06\/environnement-218x150.jpg 218w, https:\/\/www.sidwaya.info\/wp-content\/uploads\/2021\/06\/environnement-616x420.jpg 616w, https:\/\/www.sidwaya.info\/wp-content\/uploads\/2021\/06\/environnement.jpg 780w\" sizes=\"auto, (max-width: 696px) 100vw, 696px\" alt=\"\" title=\"environnement\"\/><\/a><figcaption class=\"wp-caption-text\">Le gouvernement et ses partenaires ont salu\u00e9 la tenue de l\u2019atelier r\u00e9gional d\u2019\u00e9changes sur la nouvelle approche (les SFN) d\u2019adaptation au changement climatique.<\/figcaption><\/figure>\n<\/div>\n<p><strong>L\u2019Autorit\u00e9 du bassin de la Volta, en collaboration avec l\u2019Organisation m\u00e9t\u00e9orologique mondiale et le Partenariat mondial de l\u2019Eau en Afrique de l\u2019Ouest, organise un atelier r\u00e9gional, les 15 et 16 juin 2021, \u00e0 Ouagadougou. Il s\u2019agit de promouvoir les \u00ab solutions fond\u00e9es sur la nature \u00bb comme m\u00e9canisme de gestion des inondations et des s\u00e9cheresses pour l\u2019adaptation au changement climatique dans le bassin de la Volta.<\/strong><\/p>\n<p>Les questions relatives aux inondations et aux s\u00e9cheresses peuvent trouver r\u00e9ponse \u00e0 travers les<br \/>\u00ab solutions fond\u00e9es sur la nature \u00bb. C\u2019est dans ce sens que l\u2019Autorit\u00e9 du bassin de la Volta (ABV), en collaboration avec l\u2019Organisation m\u00e9t\u00e9orologique mondiale (OMM) et le Partenariat mondial de l\u2019Eau en Afrique de l\u2019Ouest (GWPAO, en anglais), mettent en \u0153uvre le projet : \u00ab Int\u00e9grer la gestion des inondations, des s\u00e9cheresses et de l\u2019alerte rapide pour l\u2019adaptation au changement climatique dans le bassin de la Volta (VFDM) \u00bb. Elle organise dans ce cadre, avec ses partenaires, un atelier r\u00e9gional sur les \u00ab Solutions fond\u00e9es sur la nature (SFN) comme m\u00e9canisme pour r\u00e9pondre aux inondations et aux s\u00e9cheresses dans le bassin de la Volta \u00bb, les 15 et 16 juin 2021, \u00e0 Ouagadougou.<\/p>\n<p>A l\u2019ouverture des travaux, le ministre de l\u2019Eau et de l\u2019Assainissement, Ousmane Nacro, a indiqu\u00e9 que les SFN reposent plus globalement sur les moyens et processus naturels pour pr\u00e9server, restaurer et g\u00e9rer les \u00e9cosyst\u00e8mes.<br \/>Ce, a-t-il poursuivi, en r\u00e9pondant de mani\u00e8re efficace \u00e0 divers objectifs \u00e9cologiques, \u00e9conomiques et sociaux.<\/p>\n<h3>Un nouvel outil d\u2019\u00e9valuation<\/h3>\n<p>Les SFN, selon la d\u00e9finition de l\u2019Union internationale pour la conservation de la nature (UICN), a cit\u00e9 Ousmane Nacro, sont des \u00ab actions visant \u00e0 prot\u00e9ger, g\u00e9rer et restaurer de mani\u00e8re durable les \u00e9cosyst\u00e8mes naturels ou modifi\u00e9s, qui r\u00e9pondent aux d\u00e9fis de la soci\u00e9t\u00e9 de mani\u00e8re efficace et adaptative \u00bb.<br \/>Pour le ministre Nacro, l\u2019atelier va permettre d\u2019examiner le contenu des \u00e9tudes d\u00e9j\u00e0 r\u00e9alis\u00e9es et de se familiariser avec la \u00ab liste rouge des \u00e9cosyst\u00e8mes \u00bb, un nouvel outil d\u2019\u00e9valuation des \u00e9cosyst\u00e8mes les plus vuln\u00e9rables et en voie de disparition. Il va s\u2019agir aussi, a-t-il ajout\u00e9, d\u2019identifier les \u00ab lignes directrices int\u00e9gr\u00e9es sur les zones humides \u00bb pour promouvoir des SFN comme m\u00e9canisme de gestion durable des inondations et des s\u00e9cheresses dans le bassin de la Volta.<\/p>\n<p>Le directeur ex\u00e9cutif de l\u2019ABV, Yaovi Robert Dessouassi, a pr\u00e9cis\u00e9 que la rencontre est une occasion de valider la faisabilit\u00e9 de l\u2019application de la \u00ab liste rouge des \u00e9cosyst\u00e8mes \u00bb de l\u2019UICN et les \u00ab lignes directrices int\u00e9gr\u00e9es sur les zones humides \u00bb \u00e0 l\u2019\u00e9chelle du bassin de la Volta pour promouvoir la durabilit\u00e9 des services \u00e9cosyst\u00e9miques. Il a rappel\u00e9 que le bassin de la Volta subit les affres des inondations et s\u00e9cheresses avec \u00e0 la cl\u00e9 des d\u00e9g\u00e2ts humains et mat\u00e9riels. \u00ab M\u00eame si nous ne pouvons pas emp\u00eacher les ph\u00e9nom\u00e8nes hydro-climatiques extr\u00eames de se produire, notre anticipation concert\u00e9e peut et doit nous permettre d\u2019att\u00e9nuer sensiblement ou d\u2019endiguer les divers risques graves encourus par nos populations \u00bb, a-t-il propos\u00e9. Aux dires du chef de programme UICN-Burkina, Dr Jacques Somda, l\u2019UICN a men\u00e9 une \u00e9tude diagnostique pour voir si les \u00e9cosyst\u00e8mes du bassin de la Volta sont en bonne sant\u00e9.<\/p>\n<p>A l\u2019entendre, si ces \u00e9cosyst\u00e8mes se portent bien, ils peuvent lutter efficacement contre le changement climatique. Dans le cas contraire, a-t-il d\u00e9plor\u00e9, ils traduisent l\u2019absence de barri\u00e8res naturelles expliquant les al\u00e9as climatiques avec leurs effets induits sur les populations riveraines. \u00ab Globalement, nous savons qu\u2019il y a certains \u00e9cosyst\u00e8mes en voie de disparition notamment les arbres qui permettent d\u2019avoir des pluies abondantes. Il est, donc, important de pr\u00e9server les \u00e9cosyst\u00e8mes du bassin de la Volta \u00bb, a affirm\u00e9 Dr Somda. Quant au coordonnateur des SFN-ABV-Burkina Faso, Serge Modeste Dizoun Traor\u00e9, il a d\u00e9clar\u00e9 que les r\u00e9sultats attendus du conclave sont, entre autres, l\u2019\u00e9laboration d\u2019une feuille de route pour la mise en \u0153uvre des outils.<\/p>\n<p>\u00ab La recrudescence des inondations et des s\u00e9cheresses, cons\u00e9quences des effets conjugu\u00e9s du changement climatique et des actions anthropiques, constitue pour nos Etats une entrave au d\u00e9veloppement socio-\u00e9conomique \u00bb,<br \/>a-t-il d\u00e9plor\u00e9. Le responsable Afrique du Nord, Centre et Ouest de l\u2019OMM, Robert Gomez, intervenu par visioconf\u00e9rence, a salu\u00e9 l\u2019initiative de l\u2019ABV de regrouper ses pays membres autour d\u2019un atelier r\u00e9gional pour discuter de son avenir \u00e0 l\u2019heure de la lutte universelle contre le changement climatique. Le bassin de la Volta est partag\u00e9 par six pays \u00e0 savoir le Burkina Faso, le Mali, le B\u00e9nin, la C\u00f4te d\u2019Ivoire, le Ghana et le Togo. Le projet VFDM mis en \u0153uvre par le consortium OMM-ABV-GWPAO est financ\u00e9 par le Fonds d\u2019adaptation d\u2019un montant de 7,92 millions de dollars US.<\/p>\n<p class=\"c1\"><strong>Boukary BONKOUNGOU<\/strong><\/p>\n<div class=\"td-a-rec td-a-rec-id-content_bottom tdi_33_ccf td_block_template_1\">\n<p><img loading=\"lazy\" decoding=\"async\" class=\"aligncenter size-full wp-image-27454\" src=\"https:\/\/www.sidwaya.info\/wp-content\/uploads\/2020\/10\/PUB-Bandeau-paiement-mobile-siteweb.jpg\" alt=\"\" width=\"728\" height=\"90\"\/><\/div>\n<p>Auteur: JK. Sidwaya<br \/>\n<a href=\"https:\/\/www.sidwaya.info\/blog\/2021\/06\/15\/gestion-des-inondations-et-secheresses-dans-le-bassin-de-la-volta-promouvoir-les-solutions-fondees-sur-la-nature\/\">Cliquez ici pour lire l&rsquo;article depuis sa source.<\/a><\/p>\n","protected":false},"excerpt":{"rendered":"<p>Le gouvernement et ses partenaires ont salu\u00e9 la tenue de l\u2019atelier r\u00e9gional d\u2019\u00e9changes sur la nouvelle approche (les SFN) d\u2019adaptation au changement climatique. L\u2019Autorit\u00e9 du bassin de la Volta, en collaboration avec l\u2019Organisation m\u00e9t\u00e9orologique mondiale et le Partenariat mondial de l\u2019Eau en Afrique de l\u2019Ouest, organise un atelier r\u00e9gional, les 15 et 16 juin 2021, [&hellip;]<\/p>\n","protected":false},"author":1816,"featured_media":0,"comment_status":"closed","ping_status":"closed","sticky":false,"template":"","format":"standard","meta":{"fifu_image_url":"https:\/\/www.sidwaya.info\/wp-content\/uploads\/2021\/06\/environnement-696x475.jpg","fifu_image_alt":"Gestion des inondations et s\u00e9cheresses dans le bassin de la Volta : Promouvoir les \u00ab solutions fond\u00e9es  sur la nature \u00bb","footnotes":""},"categories":[73,81],"tags":[],"class_list":["post-118724","post","type-post","status-publish","format-standard","hentry","category-actualite","category-burkina-faso"],"_links":{"self":[{"href":"https:\/\/linitiative.ca\/International\/wp-json\/wp\/v2\/posts\/118724","targetHints":{"allow":["GET"]}}],"collection":[{"href":"https:\/\/linitiative.ca\/International\/wp-json\/wp\/v2\/posts"}],"about":[{"href":"https:\/\/linitiative.ca\/International\/wp-json\/wp\/v2\/types\/post"}],"author":[{"embeddable":true,"href":"https:\/\/linitiative.ca\/International\/wp-json\/wp\/v2\/users\/1816"}],"replies":[{"embeddable":true,"href":"https:\/\/linitiative.ca\/International\/wp-json\/wp\/v2\/comments?post=118724"}],"version-history":[{"count":0,"href":"https:\/\/linitiative.ca\/International\/wp-json\/wp\/v2\/posts\/118724\/revisions"}],"wp:attachment":[{"href":"https:\/\/linitiative.ca\/International\/wp-json\/wp\/v2\/media?parent=118724"}],"wp:term":[{"taxonomy":"category","embeddable":true,"href":"https:\/\/linitiative.ca\/International\/wp-json\/wp\/v2\/categories?post=118724"},{"taxonomy":"post_tag","embeddable":true,"href":"https:\/\/linitiative.ca\/International\/wp-json\/wp\/v2\/tags?post=118724"}],"curies":[{"name":"wp","href":"https:\/\/api.w.org\/{rel}","templated":true}]}}