{"id":118725,"date":"2021-06-15T19:23:00","date_gmt":"2021-06-15T23:23:00","guid":{"rendered":"https:\/\/linitiative.ca\/International\/institut-goethe-une-soiree-pour-la-promotion-de-la-langue-allemande\/"},"modified":"2021-06-15T19:23:00","modified_gmt":"2021-06-15T23:23:00","slug":"institut-goethe-une-soiree-pour-la-promotion-de-la-langue-allemande","status":"publish","type":"post","link":"https:\/\/linitiative.ca\/International\/institut-goethe-une-soiree-pour-la-promotion-de-la-langue-allemande\/","title":{"rendered":"Institut Goethe : Une soir\u00e9e pour la promotion  de la langue allemande"},"content":{"rendered":"<div class=\"td-post-featured-image\">\n<figure><a href=\"https:\/\/www.sidwaya.info\/wp-content\/uploads\/2021\/06\/goethe.jpg\" data-caption=\"L'attach\u00e9e culturelle \u00e0 l'ambassade d'Allemagne au Burkina Faso, Alina Saran a salu\u00e9 le niveau en allemand des candidats.\"><img loading=\"lazy\" decoding=\"async\" width=\"696\" height=\"416\" class=\"entry-thumb td-modal-image\" src=\"https:\/\/www.sidwaya.info\/wp-content\/uploads\/2021\/06\/goethe-696x416.jpg\" srcset=\"https:\/\/www.sidwaya.info\/wp-content\/uploads\/2021\/06\/goethe-696x416.jpg 696w, https:\/\/www.sidwaya.info\/wp-content\/uploads\/2021\/06\/goethe-300x179.jpg 300w, https:\/\/www.sidwaya.info\/wp-content\/uploads\/2021\/06\/goethe-768x459.jpg 768w, https:\/\/www.sidwaya.info\/wp-content\/uploads\/2021\/06\/goethe-150x90.jpg 150w, https:\/\/www.sidwaya.info\/wp-content\/uploads\/2021\/06\/goethe-703x420.jpg 703w, https:\/\/www.sidwaya.info\/wp-content\/uploads\/2021\/06\/goethe.jpg 785w\" sizes=\"auto, (max-width: 696px) 100vw, 696px\" alt=\"\" title=\"goethe\"\/><\/a><figcaption class=\"wp-caption-text\">L&rsquo;attach\u00e9e culturelle \u00e0 l&rsquo;ambassade d&rsquo;Allemagne au Burkina Faso, Alina Saran a salu\u00e9 le niveau en allemand des candidats.<\/figcaption><\/figure>\n<\/div>\n<p><strong>L\u2019Association \u00a0\u00bb Das Dachl-Haus \u00a0\u00bb a organis\u00e9, le samedi 12 juin 2021 \u00e0 l\u2019Institut Goethe, la VIIIe \u00e9dition de sa soir\u00e9e culturelle germanique, sous le th\u00e8me \u00ab\u00a0Coronavirus et Enseignement de l\u2019Allemand au Burkina Faso\u00a0\u00bb, au profit des \u00e9l\u00e8ves et des \u00e9tudiants du d\u00e9partement d\u2019Allemand de l\u2019UFR Lettres, Arts et Communication\u00a0(LAC).<\/strong><\/p>\n<p>Tout en servant de trait d\u2019union entre les cultures burkinab\u00e8 et allemande, l\u2019Association \u00ab\u00a0Das Dachl Haus\u00a0\u00bb (Maison de l\u2019Allemagne, l\u2019Autriche, la Suisse, la Principaut\u00e9\u00a0\u00a0du Liechtenstein, Luxembourg, en fran\u00e7ais) ambitionne \u00e9galement de promouvoir l\u2019apprentissage de la langue allemande au pays des Hommes int\u00e8gres \u00e0 travers une soir\u00e9e culturelle \u00e9ponyme et un concours \u00e0 l\u2019intention des \u00e9tudiants du d\u00e9partement d\u2019Allemand de l\u2019UFR Lettres, arts et communication (LAC) et des \u00ab\u00a0amoureux\u00a0\u00bb de la langue de Goethe. Fid\u00e8le \u00e0 sa tradition, l\u2019Association \u00ab\u00a0Das Dachl-Haus\u00a0\u00bb a organis\u00e9, le samedi 12 juin 2021 \u00e0 l\u2019Institut Goethe, la VIIIe \u00e9dition de l\u2019\u00e9v\u00e9nement sous le th\u00e8me \u00ab\u00a0Coronavirus et Enseignement de l\u2019Allemand au Burkina Faso\u00a0\u00bb.<\/p>\n<p>Dissertation, Slam, Po\u00e8me, Talk-show et Chant ont \u00e9t\u00e9 les rubriques de la comp\u00e9tition qui a mis aux prises plusieurs \u00e9tudiants germanophones. Pendant pr\u00e8s de trois heures d\u2019horloge, les candidats se sont \u00ab\u00a0affront\u00e9s\u00a0\u00bb dans les diff\u00e9rentes cat\u00e9gories sous le regard des membres de jury et du public. \u00ab\u00a0Coronavirus et Enseignement de l\u2019Allemand au Burkina Faso\u00a0\u00bb a \u00e9t\u00e9 la th\u00e9matique centrale abord\u00e9e, en Allemand, lors des diff\u00e9rentes prestations. Contrairement aux autres rubriques (Dissertation, Slam, Chant, Po\u00e8me), le Talk-show a \u00e9t\u00e9 celle qui a le plus mis en exergue la ma\u00eetrise de la langue allemande des candidats.<\/p>\n<p>Sur un plateau t\u00e9l\u00e9 imaginaire, ceux-ci ont, \u00e0 tour de r\u00f4le, d\u00e9battu et donn\u00e9 leur point de vue sur la gestion de la COVID-19 au Burkina Faso, le respect des mesures barri\u00e8res et l\u2019importance de la langue allemande au pays des Hommes int\u00e8gres. Au terme du concours, le jury a donn\u00e9 son verdict. Les 3 laur\u00e9ats de certaines rubriques ou les 5 vainqueurs d\u2019autres cat\u00e9gories ont re\u00e7u divers prix en nature (Dictionnaires et autres ouvrages d\u2019Allemand) et en esp\u00e8ces (40 000 F CFA, 30 000 F CFA,<br \/>15 000 F CFA) avec \u00e0 la cl\u00e9, des bourses d\u2019une valeur de 200 000 F CFA et 300 000 F CFA pour suivre un module de 160 heures en pr\u00e9sentiel (Institut Goethe) et en ligne pour renforcer leurs connaissances de l\u2019Allemand.<br \/>Un rendez-vous du donner et du recevoir<\/p>\n<p>Tout comme l\u2019assistance, l\u2019attach\u00e9e culturelle \u00e0 l\u2019ambassade d\u2019Allemagne au Burkina Faso, Alina Saran, a \u00e9t\u00e9 \u00ab\u00a0impressionn\u00e9e\u00a0\u00bb par l\u2019\u201dexcellente ma\u00eetrise\u00a0\u00bb de la langue allemande par les candidats.<br \/>Elle a salu\u00e9, en outre, leur engagement et leur d\u00e9termination. \u00ab\u00a0Malgr\u00e9 les conditions difficiles de la vie estudiantine et en l\u2019espace de quelques semestres, ils sont parvenus \u00e0 avoir une bonne connaissance de l\u2019allemand et \u00e0 discuter sur des th\u00e8mes assez vastes, tel le Coronavirus. Cela n\u00e9cessite une grande volont\u00e9 pour atteindre un tel niveau. De plus, ils ont parfaitement communi\u00e9 avec un public tr\u00e8s enthousiaste.<\/p>\n<p>Les prestations ont \u00e9t\u00e9 int\u00e9ressantes. Tous les candidats ont \u00e9t\u00e9 m\u00e9ritants\u00a0\u00bb, a confi\u00e9 Mme Saran. Selon le coordonnateur de l\u2019Association \u00ab\u00a0Das Dachl Haus\u00a0\u00bb, Dieudonn\u00e9 Ou\u00e9draogo, l\u2019engouement, au fil des \u00e9ditions, autour de cette comp\u00e9tition annuelle a permis d\u2019accro\u00eetre le nombre de rubriques et d\u2019obtenir le soutien de plusieurs partenaires dont l\u2019Institut Goethe. A l\u2019\u00e9couter, le centre culturel allemand est le \u00ab\u00a0leader\u00a0\u00bb au pays des Hommes int\u00e8gres en mati\u00e8re d\u2019enseignement et surtout d\u2019encadrement.<\/p>\n<p>Avec les bourses obtenues, les laur\u00e9ats vont pouvoir suivre, sur le plan international, des cours d\u2019allemand d\u2019un niveau plus \u00e9lev\u00e9. L\u2019un des objectifs de sa structure, \u00e0 entendre le coordonnateur de l\u2019association \u00ab\u00a0Das Dachl Haus\u00a0\u00bb, Dieudonn\u00e9 Ou\u00e9draogo, est la promotion interculturelle. \u00ab\u00a0En d\u2019autres termes, nous entendons servir de trait d\u2019union entre les cultures africaine, burkinab\u00e8 et germanophone, notamment avec des pays tels la Suisse, l\u2019Allemagne, l\u2019Autriche, le Liechtenstein, le Luxembourg, etc. C\u2019est donc un rendez-vous du donner et du recevoir. Cela signifie que nous permettons \u00e9galement \u00e0 des Allemands qui voudraient, par exemple, apprendre le moor\u00e9 \u00e0 le faire\u00a0\u00bb, a expliqu\u00e9 M. Ou\u00e9draogo, par ailleurs inspecteur de l\u2019enseignement secondaire.<\/p>\n<p class=\"c1\"><strong>W. Aubin NANA<\/strong><br \/>nanaubin@yahoo.fr<\/p>\n<div class=\"td-a-rec td-a-rec-id-content_bottom tdi_33_a87 td_block_template_1\">\n<p><img loading=\"lazy\" decoding=\"async\" class=\"aligncenter size-full wp-image-27454\" src=\"https:\/\/www.sidwaya.info\/wp-content\/uploads\/2020\/10\/PUB-Bandeau-paiement-mobile-siteweb.jpg\" alt=\"\" width=\"728\" height=\"90\"\/><\/div>\n<p>Auteur: JK. Sidwaya<br \/>\n<a href=\"https:\/\/www.sidwaya.info\/blog\/2021\/06\/15\/institut-goethe-une-soiree-pour-la-promotion-de-la-langue-allemande\/\">Cliquez ici pour lire l&rsquo;article depuis sa source.<\/a><\/p>\n","protected":false},"excerpt":{"rendered":"<p>L&rsquo;attach\u00e9e culturelle \u00e0 l&rsquo;ambassade d&rsquo;Allemagne au Burkina Faso, Alina Saran a salu\u00e9 le niveau en allemand des candidats. L\u2019Association \u00a0\u00bb Das Dachl-Haus \u00a0\u00bb a organis\u00e9, le samedi 12 juin 2021 \u00e0 l\u2019Institut Goethe, la VIIIe \u00e9dition de sa soir\u00e9e culturelle germanique, sous le th\u00e8me \u00ab\u00a0Coronavirus et Enseignement de l\u2019Allemand au Burkina Faso\u00a0\u00bb, au profit des [&hellip;]<\/p>\n","protected":false},"author":1816,"featured_media":0,"comment_status":"closed","ping_status":"closed","sticky":false,"template":"","format":"standard","meta":{"fifu_image_url":"https:\/\/www.sidwaya.info\/wp-content\/uploads\/2021\/06\/goethe-696x416.jpg","fifu_image_alt":"Institut Goethe : Une soir\u00e9e pour la promotion  de la langue allemande","footnotes":""},"categories":[73,81],"tags":[],"class_list":["post-118725","post","type-post","status-publish","format-standard","hentry","category-actualite","category-burkina-faso"],"_links":{"self":[{"href":"https:\/\/linitiative.ca\/International\/wp-json\/wp\/v2\/posts\/118725","targetHints":{"allow":["GET"]}}],"collection":[{"href":"https:\/\/linitiative.ca\/International\/wp-json\/wp\/v2\/posts"}],"about":[{"href":"https:\/\/linitiative.ca\/International\/wp-json\/wp\/v2\/types\/post"}],"author":[{"embeddable":true,"href":"https:\/\/linitiative.ca\/International\/wp-json\/wp\/v2\/users\/1816"}],"replies":[{"embeddable":true,"href":"https:\/\/linitiative.ca\/International\/wp-json\/wp\/v2\/comments?post=118725"}],"version-history":[{"count":0,"href":"https:\/\/linitiative.ca\/International\/wp-json\/wp\/v2\/posts\/118725\/revisions"}],"wp:attachment":[{"href":"https:\/\/linitiative.ca\/International\/wp-json\/wp\/v2\/media?parent=118725"}],"wp:term":[{"taxonomy":"category","embeddable":true,"href":"https:\/\/linitiative.ca\/International\/wp-json\/wp\/v2\/categories?post=118725"},{"taxonomy":"post_tag","embeddable":true,"href":"https:\/\/linitiative.ca\/International\/wp-json\/wp\/v2\/tags?post=118725"}],"curies":[{"name":"wp","href":"https:\/\/api.w.org\/{rel}","templated":true}]}}