{"id":118726,"date":"2021-06-16T13:18:02","date_gmt":"2021-06-16T17:18:02","guid":{"rendered":"https:\/\/linitiative.ca\/International\/karim-asad-ahmad-khan-officiellement-procureur-de-la-cpi\/"},"modified":"2021-06-16T13:18:02","modified_gmt":"2021-06-16T17:18:02","slug":"karim-asad-ahmad-khan-officiellement-procureur-de-la-cpi","status":"publish","type":"post","link":"https:\/\/linitiative.ca\/International\/karim-asad-ahmad-khan-officiellement-procureur-de-la-cpi\/","title":{"rendered":"Karim Asad Ahmad Khan officiellement procureur de la CPI"},"content":{"rendered":"<div readability=\"32\">\n<p>Publi\u00e9 le 16.06.2021 \u00e0 18h18 par APA News<\/p>\n<\/div>\n<div readability=\"110\">\n<p>Le Britannique Karim Asad Ahmad Khan QC a pr\u00eat\u00e9 serment, mercredi, et pris officiellement ses fonctions en tant que procureur de la Cour p\u00e9nale internationale (CPI) lors d\u2019une c\u00e9r\u00e9monie qui s\u2019est tenue au si\u00e8ge de la Cour \u00e0 La Haye (Pays-Bas).<\/p>\n<p>M. Khan, ressortissant du Royaume-Uni de Grande-Bretagne et d\u2019Irlande du Nord, a \u00e9t\u00e9 \u00e9lu comme procureur de la CPI le 12 f\u00e9vrier 2021, pour un mandat de neuf ans, lors de la deuxi\u00e8me reprise de la dix-neuvi\u00e8me session de l\u2019Assembl\u00e9e des \u00c9tats Parties au Statut de Rome (AEP) \u00e0 New York.<\/p>\n<p>Conform\u00e9ment \u00e0 l\u2019article 45 du Statut de Rome, trait\u00e9 fondateur de la CPI, la c\u00e9r\u00e9monie pr\u00e9sid\u00e9e par le Pr\u00e9sident de la CPI, le juge Piotr Hofma\u0144ski, a eu lieu en s\u00e9ance publique, rapporte un communiqu\u00e9 de la Cour transmis \u00e0 APA.<\/p>\n<p>\u00a0\u00ab Je d\u00e9clare solennellement que je remplirai mes devoirs et exercerai mes attributions de procureur de la Cour p\u00e9nale internationale en tout honneur et d\u00e9vouement, en toute impartialit\u00e9 et en toute conscience, et que je respecterai le caract\u00e8re confidentiel des enqu\u00eates et des poursuites \u00bb a d\u00e9clar\u00e9 M. Khan en pr\u00eatant serment publiquement.<\/p>\n<p>Il a ensuite sign\u00e9 la prestation de serment devant le greffier de la CPI, M. Peter Lewis, et a prononc\u00e9 son premier discours en tant que procureur de la CPI.<\/p>\n<p>\u00ab Tout le syst\u00e8me du Statut de Rome repr\u00e9sente une promesse pour l\u2019avenir, que demain ne devrait pas \u00eatre aussi triste et malheureux qu\u2019hier \u00bb, a d\u00e9clar\u00e9 le procureur Khan qui remplace la Gambienne, Fatou Bensouda.<\/p>\n<p>\u00ab Je me sens plein d\u2019humilit\u00e9 d\u2019avoir l\u2019opportunit\u00e9 de servir, et face aux responsabilit\u00e9s qui m\u2019ont \u00e9t\u00e9 confi\u00e9es. Je ferai tout mon possible pour m\u2019acquitter de ces responsabilit\u00e9s sans crainte ni parti pris, de fa\u00e7on fid\u00e8le et int\u00e8gre, et en pleine conformit\u00e9 avec la d\u00e9claration solennelle que je viens de faire \u00bb, a-t-il ajout\u00e9.<\/p>\n<p>Revenant sur le r\u00f4le essentiel du Procureur dans le travail de la Cour dans son discours, le pr\u00e9sident de la CPI, Hofma\u0144ski a soulign\u00e9 que \u00abbien que les juges sont ceux qui d\u00e9cident du verdict au terme d\u2019une affaire, il est aussi vrai que ces affaires ne parviendraient jamais aux juges sans la d\u00e9cision du Procureur de les amener en justice \u00bb.<\/p>\n<p>\u00ab C\u2019est le procureur qui est responsable de la mani\u00e8re dont les examens pr\u00e9liminaires, les enqu\u00eates et les poursuites sont men\u00e9s, et de la mani\u00e8re dont les preuves \u00e0 charge sont s\u00e9lectionn\u00e9es et pr\u00e9sent\u00e9es \u00bb, a-t-il ajout\u00e9, f\u00e9licitant chaleureusement M. Karim Asad Ahmad Khan.<\/p>\n<p>\u00ab En tant que pr\u00e9sident de la Cour, je me r\u00e9jouis de travailler avec lui pour renforcer notre institution commune \u00bb, a ajout\u00e9 le pr\u00e9sident de la CPI.<\/p>\n<p>La Vice-Pr\u00e9sidente de l\u2019Assembl\u00e9e des Etats Parties, l\u2019Ambassadeur Kater\u030cina Sequensov\u00e1, s\u2019exprimant au nom de l\u2019AEP, a d\u00e9clar\u00e9 que M. Khan est fort d\u2019une \u00abconsid\u00e9rable exp\u00e9rience en justice p\u00e9nale internationale\u00bb et s\u2019est dite confiante que son mandat \u00ab se convertira en jalon important dans le processus de l\u2019ex\u00e9cution de la justice internationale \u00e0 l\u2019\u00e9gard de laquelle nous nous sommes fermement engag\u00e9s \u00bb.<\/p>\n<\/div>\n<p>Auteur: APA News<br \/>\n<a href=\"https:\/\/www.journalducameroun.com\/karim-asad-ahmad-khan-officiellement-procureur-de-la-cpi\/\">Cliquez ici pour lire l&rsquo;article depuis sa source.<\/a><\/p>\n","protected":false},"excerpt":{"rendered":"<p>Publi\u00e9 le 16.06.2021 \u00e0 18h18 par APA News Le Britannique Karim Asad Ahmad Khan QC a pr\u00eat\u00e9 serment, mercredi, et pris officiellement ses fonctions en tant que procureur de la Cour p\u00e9nale internationale (CPI) lors d\u2019une c\u00e9r\u00e9monie qui s\u2019est tenue au si\u00e8ge de la Cour \u00e0 La Haye (Pays-Bas). M. Khan, ressortissant du Royaume-Uni de [&hellip;]<\/p>\n","protected":false},"author":1965,"featured_media":0,"comment_status":"closed","ping_status":"closed","sticky":false,"template":"","format":"standard","meta":{"fifu_image_url":"","fifu_image_alt":"","footnotes":""},"categories":[73,82],"tags":[],"class_list":["post-118726","post","type-post","status-publish","format-standard","hentry","category-actualite","category-cameroun"],"_links":{"self":[{"href":"https:\/\/linitiative.ca\/International\/wp-json\/wp\/v2\/posts\/118726","targetHints":{"allow":["GET"]}}],"collection":[{"href":"https:\/\/linitiative.ca\/International\/wp-json\/wp\/v2\/posts"}],"about":[{"href":"https:\/\/linitiative.ca\/International\/wp-json\/wp\/v2\/types\/post"}],"author":[{"embeddable":true,"href":"https:\/\/linitiative.ca\/International\/wp-json\/wp\/v2\/users\/1965"}],"replies":[{"embeddable":true,"href":"https:\/\/linitiative.ca\/International\/wp-json\/wp\/v2\/comments?post=118726"}],"version-history":[{"count":0,"href":"https:\/\/linitiative.ca\/International\/wp-json\/wp\/v2\/posts\/118726\/revisions"}],"wp:attachment":[{"href":"https:\/\/linitiative.ca\/International\/wp-json\/wp\/v2\/media?parent=118726"}],"wp:term":[{"taxonomy":"category","embeddable":true,"href":"https:\/\/linitiative.ca\/International\/wp-json\/wp\/v2\/categories?post=118726"},{"taxonomy":"post_tag","embeddable":true,"href":"https:\/\/linitiative.ca\/International\/wp-json\/wp\/v2\/tags?post=118726"}],"curies":[{"name":"wp","href":"https:\/\/api.w.org\/{rel}","templated":true}]}}