{"id":118727,"date":"2021-06-16T14:07:33","date_gmt":"2021-06-16T18:07:33","guid":{"rendered":"https:\/\/linitiative.ca\/International\/cameroun-il-ecope-de-15-ans-de-prison-pour-avoir-tue-sa-copine\/"},"modified":"2021-06-16T14:07:33","modified_gmt":"2021-06-16T18:07:33","slug":"cameroun-il-ecope-de-15-ans-de-prison-pour-avoir-tue-sa-copine","status":"publish","type":"post","link":"https:\/\/linitiative.ca\/International\/cameroun-il-ecope-de-15-ans-de-prison-pour-avoir-tue-sa-copine\/","title":{"rendered":"Cameroun\u00a0: il \u00e9cope de 15 ans de prison pour avoir tu\u00e9 sa copine"},"content":{"rendered":"<div readability=\"32\">\n<p>Publi\u00e9 le 16.06.2021 \u00e0 19h07 par \u00c9mile Zola Nd\u00e9 Tchoussi<\/p>\n<\/div>\n<div readability=\"70\">\n<h5 class=\"c9\"><strong>Il croyait \u00eatre l\u2019auteur de la grossesse de sa petite amie, mais \u00e0 d\u00e9couvert le contraire. Il l\u2019a \u00e9limin\u00e9e avec le b\u00e9b\u00e9 avant de reconna\u00eetre les faits.<\/strong><\/h5>\n<p class=\"c10\">Le verdict est tomb\u00e9 dans l\u2019affaire qui oppose les ayant-droits de Geny Ngop \u00e0 Moudio \u00e0 Goodio. Le coll\u00e8ge des juges du Tribunal de grande instance (TGI) du Mfoundi, qui connaissait de cette affaire, a d\u00e9cid\u00e9 de condamner le mis en cause poursuivi pour les faits d\u2019assassinat. Les faits sont relay\u00e9s par le journal Kalara.<\/p>\n<p class=\"c10\">Moudio \u00e0 Goodio est accus\u00e9 d\u2019avoir \u00f4t\u00e9 la vie \u00e0 deux personnes \u00e0 savoir, Geny Ngop, sa petite amie et le nourrisson qu\u2019elle portait. En d\u00e9tention provisoire \u00e0 la prison centrale\u00a0de Yaound\u00e9 Kondengui depuis le 20 f\u00e9vrier 2019, l\u2019accus\u00e9 avait reconnu son forfait, depuis l\u2019enqu\u00eate pr\u00e9liminaire. Il a r\u00e9it\u00e9r\u00e9 ses aveux devant la barre.<\/p>\n<p class=\"c10\">Moudio \u00e0 Goodio\u00a0 a \u00e9cop\u00e9 de 15 ans de prison ferme. Il a aussi \u00e9t\u00e9 condamn\u00e9 au paiement de la somme de 32000 F cfa repr\u00e9sentant les frais de justice. Les ayants-droits de Geny Ngop avaient d\u00e9clar\u00e9 ne rien vouloir \u00e0 titre de r\u00e9paration du pr\u00e9judice incommensurable subi par la famille.<\/p>\n<p class=\"c10\">Les faits remontent au 11 f\u00e9vrier 2019, lorsque les parents de Geny Ngop ont \u00e9t\u00e9 inform\u00e9s du d\u00e9c\u00e8s de leur fille enceinte de six mois. Les recherches men\u00e9es\u00a0 par les \u00e9l\u00e9ments de la brigade de gendarmerie d\u2019Emombo, \u00e0 Yaound\u00e9, avaient abouti \u00e0 l\u2019arrestation de Moudio \u00e0 Goodio, qui s\u2019\u00e9tait lui-m\u00eame rendu. Interrog\u00e9, l\u2019accus\u00e9 avait relat\u00e9 aux enqu\u00eateurs le film de la mort de sa petite amie.<\/p>\n<p class=\"c10\">Moudio\u00e0 Goodio a expliqu\u00e9 que Geny Ngop, avec qui il entretenait une relation amoureuse, est tomb\u00e9e enceinte. Cette derni\u00e8re lui avait fait croire que le b\u00e9b\u00e9 \u00e9tait de lui et c\u2019est ainsi qu\u2019il a mis tout en \u0153uvre pour accueillir le nouveau-n\u00e9, qui faisait d\u00e9j\u00e0 sa fiert\u00e9. Seulement, il avait surpris une conversation t\u00e9l\u00e9phonique (message) entre Geny Ngop et un inconnu, par laquelle il avait d\u00e9couvert qu\u2019il n\u2019\u00e9tait pas le v\u00e9ritable p\u00e8re de l\u2019enfant qu\u2019attendait la victime. C\u2019est le point de la discorde entre les deux amants.<\/p>\n<\/div>\n<p>Auteur: Christian DJIMADEU<br \/>\n<a href=\"https:\/\/www.journalducameroun.com\/cameroun-il-ecope-de-15-ans-de-prison-pour-avoir-tue-sa-copine\/\">Cliquez ici pour lire l&rsquo;article depuis sa source.<\/a><\/p>\n","protected":false},"excerpt":{"rendered":"<p>Publi\u00e9 le 16.06.2021 \u00e0 19h07 par \u00c9mile Zola Nd\u00e9 Tchoussi Il croyait \u00eatre l\u2019auteur de la grossesse de sa petite amie, mais \u00e0 d\u00e9couvert le contraire. Il l\u2019a \u00e9limin\u00e9e avec le b\u00e9b\u00e9 avant de reconna\u00eetre les faits. Le verdict est tomb\u00e9 dans l\u2019affaire qui oppose les ayant-droits de Geny Ngop \u00e0 Moudio \u00e0 Goodio. Le [&hellip;]<\/p>\n","protected":false},"author":1965,"featured_media":0,"comment_status":"closed","ping_status":"closed","sticky":false,"template":"","format":"standard","meta":{"fifu_image_url":"","fifu_image_alt":"","footnotes":""},"categories":[73,82],"tags":[],"class_list":["post-118727","post","type-post","status-publish","format-standard","hentry","category-actualite","category-cameroun"],"_links":{"self":[{"href":"https:\/\/linitiative.ca\/International\/wp-json\/wp\/v2\/posts\/118727","targetHints":{"allow":["GET"]}}],"collection":[{"href":"https:\/\/linitiative.ca\/International\/wp-json\/wp\/v2\/posts"}],"about":[{"href":"https:\/\/linitiative.ca\/International\/wp-json\/wp\/v2\/types\/post"}],"author":[{"embeddable":true,"href":"https:\/\/linitiative.ca\/International\/wp-json\/wp\/v2\/users\/1965"}],"replies":[{"embeddable":true,"href":"https:\/\/linitiative.ca\/International\/wp-json\/wp\/v2\/comments?post=118727"}],"version-history":[{"count":0,"href":"https:\/\/linitiative.ca\/International\/wp-json\/wp\/v2\/posts\/118727\/revisions"}],"wp:attachment":[{"href":"https:\/\/linitiative.ca\/International\/wp-json\/wp\/v2\/media?parent=118727"}],"wp:term":[{"taxonomy":"category","embeddable":true,"href":"https:\/\/linitiative.ca\/International\/wp-json\/wp\/v2\/categories?post=118727"},{"taxonomy":"post_tag","embeddable":true,"href":"https:\/\/linitiative.ca\/International\/wp-json\/wp\/v2\/tags?post=118727"}],"curies":[{"name":"wp","href":"https:\/\/api.w.org\/{rel}","templated":true}]}}