{"id":118728,"date":"2021-06-16T14:35:01","date_gmt":"2021-06-16T18:35:01","guid":{"rendered":"https:\/\/linitiative.ca\/International\/cameroun-il-assassine-son-voisin-a-laide-du-couteau-de-cuisine\/"},"modified":"2021-06-16T14:35:01","modified_gmt":"2021-06-16T18:35:01","slug":"cameroun-il-assassine-son-voisin-a-laide-du-couteau-de-cuisine","status":"publish","type":"post","link":"https:\/\/linitiative.ca\/International\/cameroun-il-assassine-son-voisin-a-laide-du-couteau-de-cuisine\/","title":{"rendered":"Cameroun : il assassine son voisin \u00e0 l\u2019aide du couteau de cuisine"},"content":{"rendered":"<div readability=\"32\">\n<p>Publi\u00e9 le 16.06.2021 \u00e0 19h35 par \u00c9mile Zola Nd\u00e9 Tchoussi<\/p>\n<\/div>\n<div readability=\"105\">\n<h5 class=\"c9\">Apr\u00e8s une bagarre o\u00f9 il venait d\u2019\u00eatre copieusement tabass\u00e9 et humili\u00e9, le meurtrier a d\u00e9cid\u00e9 d\u2019en finir avec son adversaire en le poignardant. Devant la barre, il clame son innocence et soutient qu\u2019il s\u2019agissait de la l\u00e9gitime d\u00e9fense.<\/h5>\n<p class=\"c10\">Le compte rendu d\u2019audience est rapport\u00e9 par le journal Kalara. Le 4 juin\u00a0 2021, le Tribunal de grande instance (TGI) du Mfoundi a ouvert les d\u00e9bats, dans l\u2019affaire qui oppose les ayants-droits d\u2019Henri Kamdem \u00e0 Laurent Jojo Menguele. Ce dernier, qui est en\u00a0 d\u00e9tention provisoire \u00e0 la prison de Yaound\u00e9 Kondengui depuis trois ans, est poursuivi pour avoir poignard\u00e9 son voisin \u00e0 l\u2019aide d\u2019un couteau de cuisine. Il \u00e9tait \u00e2g\u00e9 de 19 ans, et \u00e9l\u00e8ve en classe de 1<sup>\u00e8re<\/sup>\u00a0\u00e0 l\u2019\u00e9poque des faits. Au cours de l\u2019enqu\u00eate pr\u00e9liminaire, l\u2019accus\u00e9 avait reconnu les faits qui lui sont reproch\u00e9s, mais est revenu sur ses aveux en cours de jugement.<\/p>\n<p class=\"c10\">En l\u2019absence des parents d\u2019Henri Kamdem \u00e0 l\u2019audience, le repr\u00e9sentant du minist\u00e8re public a d\u00e9roul\u00e9 l\u2019accusation. Il ressort de l\u2019ordonnance de renvoi dont le parquet a donn\u00e9 lecture de quelques extraits que le 21 juillet 2018, une altercation a oppos\u00e9 le d\u00e9funt Kamdem \u00e0 Menguele. Apr\u00e8s une l\u00e9g\u00e8re tr\u00eave, l\u2019accus\u00e9 est retourn\u00e9 \u00e0 son domicile et est revenu avec un couteau de cuisine avec lequel il a poignard\u00e9 \u00e0 mort son adversaire avant de prendre la fuite.<\/p>\n<p class=\"c10\">C\u2019est sa maman qui l\u2019a conduit \u00e0 la brigade de recherche le lendemain, o\u00f9 il a reconnu les faits tout en pr\u00e9tendant qu\u2019il se vengeait contre la victime avec laquelle il avait livr\u00e9 une bagarre plut\u00f4t. Le certificat de genre de mort produit par le repr\u00e9sentant\u00a0\u00a0\u00a0\u00a0\u00a0\u00a0\u00a0\u00a0\u00a0\u00a0\u00a0\u00a0\u00a0\u00a0 du minist\u00e8re public indique que Kamdem Henri est d\u00e9c\u00e9d\u00e9 de suite d\u2019une blessure provoqu\u00e9e par une arme blanche.<\/p>\n<p class=\"c10\">Pour sa d\u00e9fense, Laurent Jojo Menguele a d\u00e9clar\u00e9 que le samedi 21 juillet 2018, \u00e9tait le jour du premier anniversaire de son fils. C\u2019est ainsi qu\u2019il a organis\u00e9 la f\u00eate des enfants en journ\u00e9e, et a pr\u00e9vu de recevoir ses amis dans la soir\u00e9e dans une buvette. Il s\u2019est rendu dans un supermarch\u00e9 et a achet\u00e9 un g\u00e2teau, un petit couteau et quelques liqueurs. Vers 21 heures, alors qu\u2019il se rendait au lieu de la f\u00eate, il a \u00e9t\u00e9 interpell\u00e9 par la victime.<\/p>\n<p class=\"c10\">\u00abIl m\u2019a dit mon petit, je t\u2019appelle tu ne t\u2019arr\u00eates pas\u00a0? Tu as grandi hein\u00a7 Puis il m\u2019a donn\u00e9 un coup de poing au visage. En voulant me d\u00e9fendre, trois de ses amis se sont m\u00eal\u00e9s \u00e0 la bagarre. L\u2019un d\u2019eux m\u2019a latt\u00e9 au visage et j\u2019ai perdu une dent. Par l\u00e9gitime d\u00e9fense, j\u2019ai pris le couteau dont je devais me servir pour couper le g\u00e2teau d\u2019anniversaire pour lancer \u00e0 un de mes agresseurs, que je ne connaissais pas\u00a0\u00bb, a-t-il d\u00e9clar\u00e9.<\/p>\n<p class=\"c10\">Pr\u00e9m\u00e9ditation de crime<\/p>\n<p class=\"c10\">\u00a0Poursuivant son t\u00e9moignage, l\u2019accus\u00e9 \u00e0 pr\u00e9ciser d\u2019une part, qu\u2019il n\u2019est pas retourn\u00e9 \u00e0 son domicile pour aller chercher le couteau, comme veut le faire croire l\u2019accusation et que le couteau \u00a0\u00a0dont il est question \u00e9tait pr\u00e9vue pour couper le g\u00e2teau d\u2019anniversaire, et non tuer. Il a ajout\u00e9 que c\u2019est le lendemain que sa maman l\u2019a inform\u00e9 de la mort de Kamdem.<\/p>\n<p class=\"c10\">Le repr\u00e9sentant du minist\u00e8re public ne partage pas l\u2019avis de l\u2019accus\u00e9. Selon lui, Laurent Jojo Manguel\u00e9, qui \u00e9tait un adolescent \u00e0 l\u2019\u00e9poque des faits, a voulu s\u2019affirmer parce qu\u2019il s\u2019est senti frustr\u00e9 et humili\u00e9 par le fait qu\u2019on l\u2019appelle \u00ab\u00a0mon petit\u00a0\u00bb. Ne pouvant pas faire le poids avec Henri Kamdem au cours de la bagarre qui les a oppos\u00e9s, \u00ab\u00a0il lui fallait un outil pour \u00e9quilibrer les forces. Il est retourn\u00e9 chez lui et est revenu avec un couteau. Tous l\u2019ayant vu arriver, ils ont pris la fuite. L\u2019accus\u00e9 s\u2019est mis \u00e0 la poursuite de Kamdem et l\u2019a poignard\u00e9 \u00e0 mort\u00a0\u00bb.<\/p>\n<p class=\"c10\">Pour lui, la gravit\u00e9 de cette affaire repose sur l\u2019intention et la pr\u00e9m\u00e9ditation de crime. Le fait que l\u2019accus\u00e9 soit retourn\u00e9 chez lui chercher le couteau de cuisine qui\u00a0 a \u00f4t\u00e9 la vie \u00e0 un individu est le fondement de cette affaire.\u00a0 L\u2019avocat de Menguele a, quant \u00e0 lui, essay\u00e9 de convaincre le Tribunal de requalifier les faits d\u2019assassinat en ceux de coup mortel. Il a ensuite plaid\u00e9 les circonstances att\u00e9nuantes de son client, qui est aujourd\u2019hui \u00e2g\u00e9 de 22 ans. Le verdict est attendu le 2 juillet 2021.<\/p>\n<\/div>\n<p>Auteur: Christian DJIMADEU<br \/>\n<a href=\"https:\/\/www.journalducameroun.com\/389576-2-cameroun\/\">Cliquez ici pour lire l&rsquo;article depuis sa source.<\/a><\/p>\n","protected":false},"excerpt":{"rendered":"<p>Publi\u00e9 le 16.06.2021 \u00e0 19h35 par \u00c9mile Zola Nd\u00e9 Tchoussi Apr\u00e8s une bagarre o\u00f9 il venait d\u2019\u00eatre copieusement tabass\u00e9 et humili\u00e9, le meurtrier a d\u00e9cid\u00e9 d\u2019en finir avec son adversaire en le poignardant. Devant la barre, il clame son innocence et soutient qu\u2019il s\u2019agissait de la l\u00e9gitime d\u00e9fense. Le compte rendu d\u2019audience est rapport\u00e9 par [&hellip;]<\/p>\n","protected":false},"author":1965,"featured_media":0,"comment_status":"closed","ping_status":"closed","sticky":false,"template":"","format":"standard","meta":{"fifu_image_url":"","fifu_image_alt":"","footnotes":""},"categories":[73,82],"tags":[],"class_list":["post-118728","post","type-post","status-publish","format-standard","hentry","category-actualite","category-cameroun"],"_links":{"self":[{"href":"https:\/\/linitiative.ca\/International\/wp-json\/wp\/v2\/posts\/118728","targetHints":{"allow":["GET"]}}],"collection":[{"href":"https:\/\/linitiative.ca\/International\/wp-json\/wp\/v2\/posts"}],"about":[{"href":"https:\/\/linitiative.ca\/International\/wp-json\/wp\/v2\/types\/post"}],"author":[{"embeddable":true,"href":"https:\/\/linitiative.ca\/International\/wp-json\/wp\/v2\/users\/1965"}],"replies":[{"embeddable":true,"href":"https:\/\/linitiative.ca\/International\/wp-json\/wp\/v2\/comments?post=118728"}],"version-history":[{"count":0,"href":"https:\/\/linitiative.ca\/International\/wp-json\/wp\/v2\/posts\/118728\/revisions"}],"wp:attachment":[{"href":"https:\/\/linitiative.ca\/International\/wp-json\/wp\/v2\/media?parent=118728"}],"wp:term":[{"taxonomy":"category","embeddable":true,"href":"https:\/\/linitiative.ca\/International\/wp-json\/wp\/v2\/categories?post=118728"},{"taxonomy":"post_tag","embeddable":true,"href":"https:\/\/linitiative.ca\/International\/wp-json\/wp\/v2\/tags?post=118728"}],"curies":[{"name":"wp","href":"https:\/\/api.w.org\/{rel}","templated":true}]}}