{"id":118730,"date":"2021-06-16T16:18:01","date_gmt":"2021-06-16T20:18:01","guid":{"rendered":"https:\/\/linitiative.ca\/International\/oriental-fashion-show-quand-le-patrimoine-marocain-rencontre-le-charme-orienta\/"},"modified":"2021-06-16T16:18:01","modified_gmt":"2021-06-16T20:18:01","slug":"oriental-fashion-show-quand-le-patrimoine-marocain-rencontre-le-charme-orienta","status":"publish","type":"post","link":"https:\/\/linitiative.ca\/International\/oriental-fashion-show-quand-le-patrimoine-marocain-rencontre-le-charme-orienta\/","title":{"rendered":"Oriental Fashion Show : quand le patrimoine marocain rencontre le charme orienta"},"content":{"rendered":"<div readability=\"32\">\n<p>Publi\u00e9 le 16.06.2021 \u00e0 21h18 par APA News<\/p>\n<\/div>\n<div readability=\"93\">\n<p>La 37\u00e8me\u00a0\u00e9dition de l\u2019Oriental Fashion Show (OFS) mettra le cap sur la ville ocre de Marrakech, une \u00e9dition tr\u00e8s attendue pour faire revivre les \u00e9motions d\u2019un v\u00e9ritable d\u00e9fil\u00e9 de mode.Cette manifestation, plac\u00e9e sous le signe de la valorisation du patrimoine touristique marocain, se tiendra les 18 et 19 juin, apprend-on aupr\u00e8s des organisateurs.<\/p>\n<p>C\u2019est toute la magie de l\u2019Orient qui prendra place dans le majestueux h\u00f4tel de luxe le Mandarin Oriental. \u00c0 l\u2019heure o\u00f9 le monde tourne au ralenti; \u00e0 l\u2019heure o\u00f9 les Fashion show se font de plus en plus rares, l\u2019Oriental Fashion Show entend bien perp\u00e9tuer son \u00e9v\u00e9nement et honorer ses fid\u00e8les stylistes qui, en d\u00e9pit de cette p\u00e9riode difficile, n\u2019ont cess\u00e9 de cr\u00e9er et innover.<\/p>\n<p>L\u2019OFS n\u2019ayant pas \u00e9t\u00e9 \u00e9pargn\u00e9 par la Covid-19 qui a emport\u00e9 un membre important de son organisation, cette \u00e9dition sera donc marqu\u00e9e par un hommage posthume \u00e0 la m\u00e9moire de Mohamed Al Sagheer.<\/p>\n<p>Parmi la d\u00e9l\u00e9gation \u00e9gyptienne, on comptera le grand designer Hany El Behairy ainsi que les c\u00e9l\u00e8bres actrices Laila Eloui Elham Shahin et Samira Said qui t\u00e9moigneront de la grandeur de cet homme extraordinaire.<\/p>\n<p>D\u2019autres invit\u00e9s de marque tels que les acteurs et des c\u00e9l\u00e9brit\u00e9s marocaines Dounia Boutazoute, Mansour Badri, Cam\u00e9lia Rak, Rababe Gouyd, ainsi que Driss Roukhe viendront renforcer la notori\u00e9t\u00e9 de l\u2019\u00e9v\u00e9nement et d\u00e9couvrir par la m\u00eame occasion la beaut\u00e9 de la ville ocre sous le signe de l\u2019\u00e9l\u00e9gance et du raffinement.<\/p>\n<p>Bas\u00e9 \u00e0 Paris, cet \u00e9v\u00e9nement sillonne le monde et les hauts lieux de la mode \u00e0 fort potentiel m\u00e9diatique : Paris, Londres, Doha, Kowe\u00eft, Marrakech, Moscou, Istanbul, Almaty (Kazakhstan), Samarcande (Ouzb\u00e9kistan), Istanbul\u2026 Plus qu\u2019un d\u00e9fil\u00e9 de mode, l\u2019OFS est devenu au fil des ans une v\u00e9ritable tribune artistique, un dialogue culturel entre l\u2019Orient et l\u2019Occident selon sa fondatrice la Franco-marocaine Hind Joudar.<\/p>\n<p>Depuis 15 ans, l\u2019OFS organise des d\u00e9fil\u00e9s de grande envergure dans les plus belles capitales du monde. Consid\u00e9r\u00e9 comme un leader dans la mode orientale et incubateur de talents au-del\u00e0 des fronti\u00e8res, cet \u00e9v\u00e9nement a pu promouvoir, \u00e0 travers ses nombreuses productions, plus de 100 stylistes de 50 nationalit\u00e9s diff\u00e9rentes, parmi eux de nombreux Marocains qui ont pu se faire un nom sur la sc\u00e8ne de la mode mondiale.<\/p>\n<\/div>\n<p>Auteur: APA News<br \/>\n<a href=\"https:\/\/www.journalducameroun.com\/oriental-fashion-show-quand-le-patrimoine-marocain-rencontre-le-charme-orienta\/\">Cliquez ici pour lire l&rsquo;article depuis sa source.<\/a><\/p>\n","protected":false},"excerpt":{"rendered":"<p>Publi\u00e9 le 16.06.2021 \u00e0 21h18 par APA News La 37\u00e8me\u00a0\u00e9dition de l\u2019Oriental Fashion Show (OFS) mettra le cap sur la ville ocre de Marrakech, une \u00e9dition tr\u00e8s attendue pour faire revivre les \u00e9motions d\u2019un v\u00e9ritable d\u00e9fil\u00e9 de mode.Cette manifestation, plac\u00e9e sous le signe de la valorisation du patrimoine touristique marocain, se tiendra les 18 et [&hellip;]<\/p>\n","protected":false},"author":1965,"featured_media":0,"comment_status":"closed","ping_status":"closed","sticky":false,"template":"","format":"standard","meta":{"fifu_image_url":"","fifu_image_alt":"","footnotes":""},"categories":[73,82],"tags":[],"class_list":["post-118730","post","type-post","status-publish","format-standard","hentry","category-actualite","category-cameroun"],"_links":{"self":[{"href":"https:\/\/linitiative.ca\/International\/wp-json\/wp\/v2\/posts\/118730","targetHints":{"allow":["GET"]}}],"collection":[{"href":"https:\/\/linitiative.ca\/International\/wp-json\/wp\/v2\/posts"}],"about":[{"href":"https:\/\/linitiative.ca\/International\/wp-json\/wp\/v2\/types\/post"}],"author":[{"embeddable":true,"href":"https:\/\/linitiative.ca\/International\/wp-json\/wp\/v2\/users\/1965"}],"replies":[{"embeddable":true,"href":"https:\/\/linitiative.ca\/International\/wp-json\/wp\/v2\/comments?post=118730"}],"version-history":[{"count":0,"href":"https:\/\/linitiative.ca\/International\/wp-json\/wp\/v2\/posts\/118730\/revisions"}],"wp:attachment":[{"href":"https:\/\/linitiative.ca\/International\/wp-json\/wp\/v2\/media?parent=118730"}],"wp:term":[{"taxonomy":"category","embeddable":true,"href":"https:\/\/linitiative.ca\/International\/wp-json\/wp\/v2\/categories?post=118730"},{"taxonomy":"post_tag","embeddable":true,"href":"https:\/\/linitiative.ca\/International\/wp-json\/wp\/v2\/tags?post=118730"}],"curies":[{"name":"wp","href":"https:\/\/api.w.org\/{rel}","templated":true}]}}