{"id":118732,"date":"2021-06-16T14:34:34","date_gmt":"2021-06-16T18:34:34","guid":{"rendered":"https:\/\/linitiative.ca\/International\/le-camerounais-jacques-djofack-nomme-de-la-gestion-financiere-a-la-bad\/"},"modified":"2021-06-16T14:34:34","modified_gmt":"2021-06-16T18:34:34","slug":"le-camerounais-jacques-djofack-nomme-de-la-gestion-financiere-a-la-bad","status":"publish","type":"post","link":"https:\/\/linitiative.ca\/International\/le-camerounais-jacques-djofack-nomme-de-la-gestion-financiere-a-la-bad\/","title":{"rendered":"Le camerounais Jacques Djofack, nomm\u00e9 de la Gestion financi\u00e8re \u00e0 la BAD"},"content":{"rendered":"<p>\u00abJe suis heureux de nommer Monsieur Jacques Djofack au poste de directeur de la gestion financi\u00e8re. C\u2019est un professionnel chevronn\u00e9 et bien respect\u00e9, avec une solide exp\u00e9rience en gestion financi\u00e8re. Il contribuera \u00e0 renforcer consid\u00e9rablement la fonction de gestion financi\u00e8re de la Banque \u00bb. C\u2019est par ces mots qu\u2019Akinwumi Adesina, le Pr\u00e9sident du groupe de la Banque africaine de\u00a0d\u00e9veloppement a r\u00e9agi apr\u00e8s la nomination de Jacques Djofack au poste de\u00a0Directeur du D\u00e9partement de la\u00a0Gestion financi\u00e8re. La d\u00e9cision a pris effet depuis le 1er juin 2021.<\/p>\n<p>Le promu \u00e9tait avant sa nomination, Chef de division au sein du D\u00e9partement de la gestion financi\u00e8re de la Banque. Poste occup\u00e9 depuis avril 2018.\u00a0\u00ab C\u2019est un honneur et un privil\u00e8ge pour moi que d\u2019avoir \u00e9t\u00e9 nomm\u00e9 \u00e0 ce poste par le pr\u00e9sident Akinwumi A. Adesina. Je n\u2019\u00e9pargnerai aucun effort dans l\u2019exercice de mes fonctions pour renforcer la capacit\u00e9 financi\u00e8re de la Banque africaine de d\u00e9veloppement, afin de mieux soutenir le d\u00e9veloppement du continent \u00bb, r\u00e9agira \u00e0 son tour Jacques Djofack.<\/p>\n<p>Titulaire d\u2019un doctorat en g\u00e9nie civil de l\u2019\u00c9cole nationale des ponts et chauss\u00e9es de Paris (France) et d\u2019un MBA ex\u00e9cutif (Master en business administration) d\u00e9croch\u00e9 \u00e0 l\u2019Universit\u00e9 Concordia au Canada, Jacques\u00a0Djofack int\u00e8gre l\u2019effectif de \u00a0la Banque africaine de d\u00e9veloppement en 2011, comme Charg\u00e9 de risques financiers en chef. Il contribuera \u00e0 l\u2019\u00e9laboration et \u00e0 la mise en \u0153uvre de certaines des politiques financi\u00e8res et de gestion des risques au sein de l\u2019institution bancaire panafricaine. L\u2019expert s\u2019est \u00e9galement illustr\u00e9 de fa\u00e7on d\u00e9cisive dans l\u2019\u00e9laboration de plusieurs documents financiers du Conseil de la Bad, ayant une port\u00e9e strat\u00e9gique, \u00a0concernant notamment la capacit\u00e9 financi\u00e8re de la banque (perspectives financi\u00e8res \u00e0 moyen terme, conception de la facilit\u00e9 de rehaussement de cr\u00e9dit en faveur du secteur priv\u00e9 et l\u2019examen du cadre de viabilit\u00e9 financi\u00e8re \u00e0 long terme de la banque etc\u2026). Il gravit rapidement les \u00e9chelons et gagne progressivement la confiance de sa hi\u00e9rarchie. C\u2019est ainsi que de\u00a0novembre 2016 \u00e0 mars 2018, il occupe les fonctions de Conseiller aupr\u00e8s du vice-pr\u00e9sident du Complexe des finances de la Bad.<\/p>\n<p>Son parcours dans la haute finance internationale \u00e0 pourtant d\u00e9but\u00e9 au sein de grands groupes financiers tels\u00a0Shelter Afrique, (Chef du d\u00e9partement Gestion des risques),\u00a0une institution de financement du d\u00e9veloppement dont le si\u00e8ge est \u00e0 \u00a0Nairobi au Kenya.\u00a0Il a \u00e9galement occup\u00e9 divers postes de direction en gestion de risques et de projets en France, au sein de Soci\u00e9t\u00e9 g\u00e9n\u00e9rale Corporate &amp; Investment Banking, de Total et plusieurs autres entreprises de conseil. C\u2019est nanti de cette riche carri\u00e8re qu\u2019il regagne la Bad, o\u00f9 il d\u00e9sormais appel\u00e9, apr\u00e8s 10 ans d\u2019exp\u00e9rience interne, \u00e0 occuper les fonctions de\u00a0Directeur du D\u00e9partement de la\u00a0Gestion financi\u00e8re.\u00a0D\u2019origine camerounaise,\u00a0Jacques Djofack, est officiellement de nationalit\u00e9 fran\u00e7aise.<\/p>\n<p>Auteur: Georges Semey<br \/>\n<a href=\"https:\/\/ecomatin.net\/le-camerounaiss-jacques-djofack-nomme-de-la-gestionn-financiere-a-la-badd\/\">Cliquez ici pour lire l&rsquo;article depuis sa source.<\/a><\/p>\n","protected":false},"excerpt":{"rendered":"<p>\u00abJe suis heureux de nommer Monsieur Jacques Djofack au poste de directeur de la gestion financi\u00e8re. C\u2019est un professionnel chevronn\u00e9 et bien respect\u00e9, avec une solide exp\u00e9rience en gestion financi\u00e8re. Il contribuera \u00e0 renforcer consid\u00e9rablement la fonction de gestion financi\u00e8re de la Banque \u00bb. C\u2019est par ces mots qu\u2019Akinwumi Adesina, le Pr\u00e9sident du groupe de [&hellip;]<\/p>\n","protected":false},"author":1969,"featured_media":0,"comment_status":"closed","ping_status":"closed","sticky":false,"template":"","format":"standard","meta":{"fifu_image_url":"","fifu_image_alt":"","footnotes":""},"categories":[82,78],"tags":[],"class_list":["post-118732","post","type-post","status-publish","format-standard","hentry","category-cameroun","category-economie"],"_links":{"self":[{"href":"https:\/\/linitiative.ca\/International\/wp-json\/wp\/v2\/posts\/118732","targetHints":{"allow":["GET"]}}],"collection":[{"href":"https:\/\/linitiative.ca\/International\/wp-json\/wp\/v2\/posts"}],"about":[{"href":"https:\/\/linitiative.ca\/International\/wp-json\/wp\/v2\/types\/post"}],"author":[{"embeddable":true,"href":"https:\/\/linitiative.ca\/International\/wp-json\/wp\/v2\/users\/1969"}],"replies":[{"embeddable":true,"href":"https:\/\/linitiative.ca\/International\/wp-json\/wp\/v2\/comments?post=118732"}],"version-history":[{"count":0,"href":"https:\/\/linitiative.ca\/International\/wp-json\/wp\/v2\/posts\/118732\/revisions"}],"wp:attachment":[{"href":"https:\/\/linitiative.ca\/International\/wp-json\/wp\/v2\/media?parent=118732"}],"wp:term":[{"taxonomy":"category","embeddable":true,"href":"https:\/\/linitiative.ca\/International\/wp-json\/wp\/v2\/categories?post=118732"},{"taxonomy":"post_tag","embeddable":true,"href":"https:\/\/linitiative.ca\/International\/wp-json\/wp\/v2\/tags?post=118732"}],"curies":[{"name":"wp","href":"https:\/\/api.w.org\/{rel}","templated":true}]}}