{"id":118735,"date":"2021-06-17T11:01:34","date_gmt":"2021-06-17T15:01:34","guid":{"rendered":"https:\/\/linitiative.ca\/International\/protection-et-integration-des-refugies-et-demandeurs-dasile-le-maroc-est-un-pays-de-reference\/"},"modified":"2021-06-17T11:01:34","modified_gmt":"2021-06-17T15:01:34","slug":"protection-et-integration-des-refugies-et-demandeurs-dasile-le-maroc-est-un-pays-de-reference","status":"publish","type":"post","link":"https:\/\/linitiative.ca\/International\/protection-et-integration-des-refugies-et-demandeurs-dasile-le-maroc-est-un-pays-de-reference\/","title":{"rendered":"Protection et int\u00e9gration des r\u00e9fugi\u00e9s et demandeurs d\u2019asile: le Maroc est un pays de r\u00e9f\u00e9rence"},"content":{"rendered":"<figure class=\"post-thumbnail\" itemprop=\"associatedMedia\" itemscope=\"itemscope\" itemtype=\"http:\/\/schema.org\/ImageObject\"><img decoding=\"async\" class=\"post_layout_5_img\" src=\"http:\/\/aujourdhui.ma\/wp-content\/uploads\/2021\/06\/Franc\u0327ois-Reybet-Degat-UNHCR.jpg\" alt=\"Protection et int\u00e9gration des r\u00e9fugi\u00e9s et demandeurs d\u2019asile: le Maroc est un pays de r\u00e9f\u00e9rence\"\/><\/figure>\n<p><span class=\"c6\"><strong>Le Maroc est un pays de r\u00e9f\u00e9rence en mati\u00e8re de protection et d\u2019int\u00e9gration des r\u00e9fugi\u00e9s et des demandeurs d\u2019asile, a indiqu\u00e9 le repr\u00e9sentant du Haut-commissariat des Nations Unies pour les r\u00e9fugi\u00e9s au Maroc (UNHCR), Fran\u00e7ois Reybet-Degat.<\/strong><\/span><span id=\"more-379348\"\/><\/p>\n<p>Dans une d\u00e9claration \u00e0 la MAP, en marge de la deuxi\u00e8me Conf\u00e9rence continentale sur l\u2019int\u00e9gration socio\u00e9conomique des r\u00e9fugi\u00e9s et migrants au Maroc, dont les travaux ont d\u00e9but\u00e9 jeudi \u00e0 B\u00e9ni Mellal, sous le th\u00e8me, \u00ab\u00a0L\u2019entrepreneuriat des r\u00e9fugi\u00e9s et migrants au Maroc : un acc\u00e9l\u00e9rateur d\u2019int\u00e9gration sociale, \u00e9conomique et professionnelle\u00a0\u00bb, M. Reybet-Degat a affirm\u00e9 que le Maroc est pour le HCR un pays de r\u00e9f\u00e9rence qui a su se positionner depuis longtemps de fa\u00e7on tr\u00e8s affirm\u00e9e et progressiste sur la question de la migration et de l\u2019asile.<\/p>\n<p>Le r\u00f4le jou\u00e9 par le Maroc dans la pr\u00e9paration du pacte Mondial sur les r\u00e9fugi\u00e9s qui a \u00e9t\u00e9 \u00e9tabli \u00e0 la fin 2018 mais aussi dans l\u2019organisation du 1er Forum mondial pour les r\u00e9fugi\u00e9s en d\u00e9cembre 2019 ainsi que le choix port\u00e9 par le Maroc en 2013 d\u2019opter pour une politique progressive bas\u00e9e sur l\u2019humain et inclusive pour les r\u00e9fugi\u00e9s au Maroc soulignent la place de choix port\u00e9 par le Maroc aux r\u00e9fugi\u00e9s et demandeurs d\u2019asile sous la conduite de SM le Roi Mohammed VI, a dit le repr\u00e9sentant du Haut-commissariat des Nations Unies pour les r\u00e9fugi\u00e9s au Maroc.<\/p>\n<p>Enorm\u00e9ment de choses ont \u00e9t\u00e9 r\u00e9alis\u00e9es au Maroc, les demandeurs d\u2019asile et les r\u00e9fugi\u00e9s migrants ont acc\u00e8s aux soins et \u00e0 l\u2019\u00e9ducation et 90% de leurs enfants sont scolaris\u00e9s des les \u00e9tablissements d\u2019enseignement marocains, s\u2019est-il f\u00e9licit\u00e9, relevant que les r\u00e9fugi\u00e9s d\u00e9tenteurs de titre de s\u00e9jour ont acc\u00e8s \u00e9galement \u00e0 l\u2019emploi.<\/p>\n<p>Organis\u00e9e par l\u2019ENCG relevant de l\u2019Universit\u00e9 Sultan Moulay Slimane de B\u00e9ni Mellal, le Haut-Commissariat des Nations Unies pour les R\u00e9fugi\u00e9s et l\u2019Association marocaine d\u2019appui \u00e0 la promotion de la petite entreprise (AMAPPE), la 2\u00e8me \u00e9dition de cette conf\u00e9rence continentale, a pour objectif de sensibiliser des acteurs de la r\u00e9gion sur la th\u00e9matique de l\u2019int\u00e9gration \u00e9conomique des r\u00e9fugi\u00e9s au Maroc, notamment dans la r\u00e9gion B\u00e9ni Mellal-Kh\u00e9nifra.<\/p>\n<p>Cet \u00e9v\u00e9nement qui s\u2019inscrit dans le cadre de la c\u00e9l\u00e9bration de la journ\u00e9e mondiale des r\u00e9fugi\u00e9s institu\u00e9e par les Nations Unies et c\u00e9l\u00e9br\u00e9e le 20 juin de chaque ann\u00e9e a \u00e9t\u00e9 marqu\u00e9 par la signature d\u2019une convention de partenariat entre l\u2019ENCG, l\u2019AMAPPE et le Haut-Commissariat des Nations Unies pour les R\u00e9fugi\u00e9s visant \u00e0 renforcer l\u2019int\u00e9gration socio-\u00e9co des demandeurs d\u2019asile, des r\u00e9fugi\u00e9s et migrants au Maroc.<\/p>\n<p>Auteur: ALM<br \/>\n<a href=\"https:\/\/aujourdhui.ma\/actualite\/protection-et-integration-des-refugies-et-demandeurs-dasile-le-maroc-est-un-pays-de-reference\">Cliquez ici pour lire l&rsquo;article depuis sa source.<\/a><\/p>\n","protected":false},"excerpt":{"rendered":"<p>Le Maroc est un pays de r\u00e9f\u00e9rence en mati\u00e8re de protection et d\u2019int\u00e9gration des r\u00e9fugi\u00e9s et des demandeurs d\u2019asile, a indiqu\u00e9 le repr\u00e9sentant du Haut-commissariat des Nations Unies pour les r\u00e9fugi\u00e9s au Maroc (UNHCR), Fran\u00e7ois Reybet-Degat. Dans une d\u00e9claration \u00e0 la MAP, en marge de la deuxi\u00e8me Conf\u00e9rence continentale sur l\u2019int\u00e9gration socio\u00e9conomique des r\u00e9fugi\u00e9s et [&hellip;]<\/p>\n","protected":false},"author":1759,"featured_media":0,"comment_status":"closed","ping_status":"closed","sticky":false,"template":"","format":"standard","meta":{"fifu_image_url":"http:\/\/aujourdhui.ma\/wp-content\/uploads\/2021\/06\/Franc\u0327ois-Reybet-Degat-UNHCR.jpg","fifu_image_alt":"Protection et int\u00e9gration des r\u00e9fugi\u00e9s et demandeurs d\u2019asile: le Maroc est un pays de r\u00e9f\u00e9rence","footnotes":""},"categories":[73,54],"tags":[],"class_list":["post-118735","post","type-post","status-publish","format-standard","hentry","category-actualite","category-maroc"],"_links":{"self":[{"href":"https:\/\/linitiative.ca\/International\/wp-json\/wp\/v2\/posts\/118735","targetHints":{"allow":["GET"]}}],"collection":[{"href":"https:\/\/linitiative.ca\/International\/wp-json\/wp\/v2\/posts"}],"about":[{"href":"https:\/\/linitiative.ca\/International\/wp-json\/wp\/v2\/types\/post"}],"author":[{"embeddable":true,"href":"https:\/\/linitiative.ca\/International\/wp-json\/wp\/v2\/users\/1759"}],"replies":[{"embeddable":true,"href":"https:\/\/linitiative.ca\/International\/wp-json\/wp\/v2\/comments?post=118735"}],"version-history":[{"count":0,"href":"https:\/\/linitiative.ca\/International\/wp-json\/wp\/v2\/posts\/118735\/revisions"}],"wp:attachment":[{"href":"https:\/\/linitiative.ca\/International\/wp-json\/wp\/v2\/media?parent=118735"}],"wp:term":[{"taxonomy":"category","embeddable":true,"href":"https:\/\/linitiative.ca\/International\/wp-json\/wp\/v2\/categories?post=118735"},{"taxonomy":"post_tag","embeddable":true,"href":"https:\/\/linitiative.ca\/International\/wp-json\/wp\/v2\/tags?post=118735"}],"curies":[{"name":"wp","href":"https:\/\/api.w.org\/{rel}","templated":true}]}}