{"id":118739,"date":"2021-06-17T09:06:06","date_gmt":"2021-06-17T13:06:06","guid":{"rendered":"https:\/\/linitiative.ca\/International\/ali-kooli-nous-devons-reflechir-ensemble-pour-un-changement-vers-le-mieux\/"},"modified":"2021-06-17T09:06:06","modified_gmt":"2021-06-17T13:06:06","slug":"ali-kooli-nous-devons-reflechir-ensemble-pour-un-changement-vers-le-mieux","status":"publish","type":"post","link":"https:\/\/linitiative.ca\/International\/ali-kooli-nous-devons-reflechir-ensemble-pour-un-changement-vers-le-mieux\/","title":{"rendered":"Ali Kooli : \u00ab Nous devons r\u00e9fl\u00e9chir ensemble pour un changement vers le mieux! \u00bb"},"content":{"rendered":"<h2>A l\u2019occasion de la 22\u00e8me \u00e9dition du Forum de\u00a0<a href=\"https:\/\/www.leconomistemaghrebin.com\/\" target=\"_blank\" rel=\"noopener noreferrer\">L\u2019Economiste Maghr\u00e9bin<\/a>, ayant pour th\u00e8me \u00ab Quelle Tunisie dans le nouveau monde qui se dessine. Les tendances lourdes qui vont impacter la Tunisie d\u2019ici 2030 \u00bb, le\u00a0<a href=\"http:\/\/www.mdici.gov.tn\/\" target=\"_blank\" rel=\"noopener noreferrer\">ministre de l\u2019Economie, des Finances et de l\u2019Appui \u00e0 l\u2019investissement, Ali Kooli,<\/a>\u00a0affirme qu\u2019il croit aux capacit\u00e9s de la Tunisie et de son tissu \u00e9conomique.<\/h2>\n<p>Ainsi, Ali Kooli explique que cette conviction r\u00e9sulte de la haute capacit\u00e9 des entreprises dans le renforcement de l\u2019\u00e9conomie nationale; ainsi que dans la cr\u00e9ation d\u2019emplois.<\/p>\n<p>Par la suite, le ministre a d\u00e9clar\u00e9 que \u00ab\u00a0le monde qui nous attend est un monde o\u00f9 nous devons relever plusieurs d\u00e9fis. Et ce, qu\u2019ils soient technologiques ou inclusifs; en suivant les changements\u00a0\u00bb.<\/p>\n<p>En outre, Ali Kooli pr\u00e9cise que la strat\u00e9gie gouvernementale vise trois axes principaux. A savoir: une Tunisie plus digitale; une Tunisie plus inclusive; et une Tunisie plus proches des questions relatives \u00e0 l\u2019environnement.<\/p>\n<p>\u00ab\u00a0Le monde bouge de fa\u00e7on exponentielle!\u00a0\u00bb, estime le ministre. \u00ab\u00a0Nous devons suivre le train du changement. Mais sans courir derri\u00e8re un train qui court plus vite que notre rythme\u00a0\u00bb, a-t-il poursuivi.<\/p>\n<p>Par ailleurs, le ministre a affirm\u00e9 que la r\u00e9ussite des soci\u00e9t\u00e9s d\u2019intelligence artificielle et de plusieurs startup ne peut que donner de l\u2019espoir \u00e0 la Tunisie.<\/p>\n<p>De m\u00eame, le ministre a rappel\u00e9 que le gouvernement travaille d\u2019arrache-pied pour appuyer, soutenir et favoriser l\u2019inclusion des entreprises tunisiennes. Ces efforts portent, \u00e9galement, sur les comp\u00e9tences nationales.<\/p>\n<p>\u00ab\u00a0Pour cela, il faut accorder une importance primordiale \u00e0 l\u2019environnement et \u00e0 l\u2019environnement de l\u2019entreprise aussi\u00a0\u00bb, a-t-il dit. \u00ab\u00a0C\u2019est pour cela que le gouvernement propose un programme pr\u00e9cieux en mati\u00e8re d\u2019\u00e9nergies renouvelables\u00a0\u00bb, a-t-il ajout\u00e9.<\/p>\n<p>A ce sujet, Ali Kooli a affirm\u00e9 que la Tunisie poss\u00e8de les capacit\u00e9s et les comp\u00e9tences pour faire fonctionner ce programme.<\/p>\n<p>D\u2019ailleurs, le contexte \u00e9pid\u00e9mique a amen\u00e9 l\u2019ensemble de la plan\u00e8te \u00e0 r\u00e9fl\u00e9chir, selon lui. Nous pouvons en tirer des le\u00e7ons et anticiper les \u00e9pid\u00e9mies possibles dans l\u2019avenir.<\/p>\n<p>Pour conclure, M. Kooli a soulign\u00e9 l\u2019importance de vivre dans une Tunisie plus inclusive avec une meilleure distribution du capital et des revenus. Cette am\u00e9lioration des revenus ne vient pas seulement des salaires. Mais elle vient aussi des primes, d\u2019une fiscalit\u00e9 plus juste et de l\u2019adoption de nouvelles m\u00e9thodes.<\/p>\n<p><strong>leconomistemaghrebin<\/strong><\/p>\n<div class=\"wp-post-author-wrap wp-post-author-shortcode left\">\n<h3 class=\"awpa-title\"\/>\n<div class=\"wp-post-author\">\n<div class=\"awpa-img awpa-author-block square\"><a href=\"http:\/\/lexpertjournal.net\/fr\/?author=5\"><img loading=\"lazy\" decoding=\"async\" alt=\"\" src=\"http:\/\/0.gravatar.com\/avatar\/97f8e10a1c1125ba104a76514ee07b16?s=150&amp;d=mm&amp;r=g\" srcset=\"http:\/\/0.gravatar.com\/avatar\/97f8e10a1c1125ba104a76514ee07b16?s=300&amp;d=mm&amp;r=g 2x\" class=\"avatar avatar-150 photo\" height=\"150\" width=\"150\"\/><\/a><\/div>\n<\/div>\n<\/div>\n<aside class=\"mashsb-container mashsb-main mashsb-stretched\">\n<\/aside>\n<p>Auteur: L&rsquo;expert<br \/>\n<a href=\"http:\/\/lexpertjournal.net\/fr\/?p=20386\">Cliquez ici pour lire l&rsquo;article depuis sa source.<\/a><\/p>\n","protected":false},"excerpt":{"rendered":"<p>A l\u2019occasion de la 22\u00e8me \u00e9dition du Forum de\u00a0L\u2019Economiste Maghr\u00e9bin, ayant pour th\u00e8me \u00ab Quelle Tunisie dans le nouveau monde qui se dessine. Les tendances lourdes qui vont impacter la Tunisie d\u2019ici 2030 \u00bb, le\u00a0ministre de l\u2019Economie, des Finances et de l\u2019Appui \u00e0 l\u2019investissement, Ali Kooli,\u00a0affirme qu\u2019il croit aux capacit\u00e9s de la Tunisie et de [&hellip;]<\/p>\n","protected":false},"author":1775,"featured_media":0,"comment_status":"closed","ping_status":"closed","sticky":false,"template":"","format":"standard","meta":{"fifu_image_url":"http:\/\/0.gravatar.com\/avatar\/97f8e10a1c1125ba104a76514ee07b16?s=150&d=mm&r=g","fifu_image_alt":"Ali Kooli : \u00ab Nous devons r\u00e9fl\u00e9chir ensemble pour un changement vers le mieux! \u00bb","footnotes":""},"categories":[78,55],"tags":[],"class_list":["post-118739","post","type-post","status-publish","format-standard","hentry","category-economie","category-tunisie"],"_links":{"self":[{"href":"https:\/\/linitiative.ca\/International\/wp-json\/wp\/v2\/posts\/118739","targetHints":{"allow":["GET"]}}],"collection":[{"href":"https:\/\/linitiative.ca\/International\/wp-json\/wp\/v2\/posts"}],"about":[{"href":"https:\/\/linitiative.ca\/International\/wp-json\/wp\/v2\/types\/post"}],"author":[{"embeddable":true,"href":"https:\/\/linitiative.ca\/International\/wp-json\/wp\/v2\/users\/1775"}],"replies":[{"embeddable":true,"href":"https:\/\/linitiative.ca\/International\/wp-json\/wp\/v2\/comments?post=118739"}],"version-history":[{"count":0,"href":"https:\/\/linitiative.ca\/International\/wp-json\/wp\/v2\/posts\/118739\/revisions"}],"wp:attachment":[{"href":"https:\/\/linitiative.ca\/International\/wp-json\/wp\/v2\/media?parent=118739"}],"wp:term":[{"taxonomy":"category","embeddable":true,"href":"https:\/\/linitiative.ca\/International\/wp-json\/wp\/v2\/categories?post=118739"},{"taxonomy":"post_tag","embeddable":true,"href":"https:\/\/linitiative.ca\/International\/wp-json\/wp\/v2\/tags?post=118739"}],"curies":[{"name":"wp","href":"https:\/\/api.w.org\/{rel}","templated":true}]}}