{"id":118741,"date":"2021-06-17T10:08:56","date_gmt":"2021-06-17T14:08:56","guid":{"rendered":"https:\/\/linitiative.ca\/International\/affaire-du-bebe-decede-la-directrice-et-une-employee-du-jardin-denfants-en-garde-a-vue\/"},"modified":"2021-06-17T10:08:56","modified_gmt":"2021-06-17T14:08:56","slug":"affaire-du-bebe-decede-la-directrice-et-une-employee-du-jardin-denfants-en-garde-a-vue","status":"publish","type":"post","link":"https:\/\/linitiative.ca\/International\/affaire-du-bebe-decede-la-directrice-et-une-employee-du-jardin-denfants-en-garde-a-vue\/","title":{"rendered":"Affaire du b\u00e9b\u00e9 d\u00e9c\u00e9d\u00e9: La directrice et une employ\u00e9e du jardin d\u2019enfants en garde \u00e0 vue"},"content":{"rendered":"<p class=\"rtejustify\">Apr\u00e8s consultation du minist\u00e8re public, la police judiciaire a d\u00e9cid\u00e9 de placer en garde \u00e0 vue la directrice et l\u2019une des employ\u00e9es du jardin d\u2019enfants situ\u00e9 \u00e0 El Menzah 9, suite au d\u00e9c\u00e8s mercredi dans cet \u00e9tablissement d\u2019un b\u00e9b\u00e9 de 7 mois par suffocation.<\/p>\n<p>Les deux femmes sont accus\u00e9es de n\u00e9gligence ayant entra\u00een\u00e9 la mort. C\u2019est en tout cas ce qu\u2019a d\u00e9clar\u00e9 ce jeudi \u00e0 la Tap, Chokri Ma\u00e2toug, directeur g\u00e9n\u00e9ral de l\u2019enfance au sein du minist\u00e8re de la Femme, de la Famille et des Seniors.<\/p>\n<p>Aussi, le minist\u00e8re a d\u00e9cid\u00e9 de fermer le jardin d\u2019enfants et d\u2019ouvrir deux enqu\u00eates administratives et s\u00e9curitaires pour r\u00e9v\u00e9ler les circonstances de l\u2019affaire.<\/p>\n<p>A noter que l\u2019\u00e9tablissement est ouvert en toute l\u00e9galit\u00e9 depuis 2015, mais viole certaines formules, comme par exemple accueillir secr\u00e8tement des b\u00e9b\u00e9s de moins de deux ans et demi, alors que ne sont autori\u00e9s que les enfants \u00e2g\u00e9s de 3 \u00e0 6 ans.<\/p>\n<p><strong>espacemanage<\/strong><\/p>\n<div class=\"wp-post-author-wrap wp-post-author-shortcode left\">\n<h3 class=\"awpa-title\"\/>\n<div class=\"wp-post-author\">\n<div class=\"awpa-img awpa-author-block square\"><a href=\"http:\/\/lexpertjournal.net\/fr\/?author=5\"><img loading=\"lazy\" decoding=\"async\" alt=\"\" src=\"http:\/\/0.gravatar.com\/avatar\/97f8e10a1c1125ba104a76514ee07b16?s=150&amp;d=mm&amp;r=g\" srcset=\"http:\/\/0.gravatar.com\/avatar\/97f8e10a1c1125ba104a76514ee07b16?s=300&amp;d=mm&amp;r=g 2x\" class=\"avatar avatar-150 photo\" height=\"150\" width=\"150\"\/><\/a><\/div>\n<\/div>\n<\/div>\n<aside class=\"mashsb-container mashsb-main mashsb-stretched\">\n<\/aside>\n<p>Auteur: L&rsquo;expert<br \/>\n<a href=\"http:\/\/lexpertjournal.net\/fr\/?p=20392\">Cliquez ici pour lire l&rsquo;article depuis sa source.<\/a><\/p>\n","protected":false},"excerpt":{"rendered":"<p>Apr\u00e8s consultation du minist\u00e8re public, la police judiciaire a d\u00e9cid\u00e9 de placer en garde \u00e0 vue la directrice et l\u2019une des employ\u00e9es du jardin d\u2019enfants situ\u00e9 \u00e0 El Menzah 9, suite au d\u00e9c\u00e8s mercredi dans cet \u00e9tablissement d\u2019un b\u00e9b\u00e9 de 7 mois par suffocation. Les deux femmes sont accus\u00e9es de n\u00e9gligence ayant entra\u00een\u00e9 la mort. [&hellip;]<\/p>\n","protected":false},"author":1775,"featured_media":0,"comment_status":"closed","ping_status":"closed","sticky":false,"template":"","format":"standard","meta":{"fifu_image_url":"http:\/\/0.gravatar.com\/avatar\/97f8e10a1c1125ba104a76514ee07b16?s=150&d=mm&r=g","fifu_image_alt":"Affaire du b\u00e9b\u00e9 d\u00e9c\u00e9d\u00e9: La directrice et une employ\u00e9e du jardin d\u2019enfants en garde \u00e0 vue","footnotes":""},"categories":[78,55],"tags":[],"class_list":["post-118741","post","type-post","status-publish","format-standard","hentry","category-economie","category-tunisie"],"_links":{"self":[{"href":"https:\/\/linitiative.ca\/International\/wp-json\/wp\/v2\/posts\/118741","targetHints":{"allow":["GET"]}}],"collection":[{"href":"https:\/\/linitiative.ca\/International\/wp-json\/wp\/v2\/posts"}],"about":[{"href":"https:\/\/linitiative.ca\/International\/wp-json\/wp\/v2\/types\/post"}],"author":[{"embeddable":true,"href":"https:\/\/linitiative.ca\/International\/wp-json\/wp\/v2\/users\/1775"}],"replies":[{"embeddable":true,"href":"https:\/\/linitiative.ca\/International\/wp-json\/wp\/v2\/comments?post=118741"}],"version-history":[{"count":0,"href":"https:\/\/linitiative.ca\/International\/wp-json\/wp\/v2\/posts\/118741\/revisions"}],"wp:attachment":[{"href":"https:\/\/linitiative.ca\/International\/wp-json\/wp\/v2\/media?parent=118741"}],"wp:term":[{"taxonomy":"category","embeddable":true,"href":"https:\/\/linitiative.ca\/International\/wp-json\/wp\/v2\/categories?post=118741"},{"taxonomy":"post_tag","embeddable":true,"href":"https:\/\/linitiative.ca\/International\/wp-json\/wp\/v2\/tags?post=118741"}],"curies":[{"name":"wp","href":"https:\/\/api.w.org\/{rel}","templated":true}]}}