{"id":118742,"date":"2021-06-17T12:10:11","date_gmt":"2021-06-17T16:10:11","guid":{"rendered":"https:\/\/linitiative.ca\/International\/bts-bank-des-prets-entre-3000-et-5000-dinars-sans-interet-et-sans-autofinancement\/"},"modified":"2021-06-17T12:10:11","modified_gmt":"2021-06-17T16:10:11","slug":"bts-bank-des-prets-entre-3000-et-5000-dinars-sans-interet-et-sans-autofinancement","status":"publish","type":"post","link":"https:\/\/linitiative.ca\/International\/bts-bank-des-prets-entre-3000-et-5000-dinars-sans-interet-et-sans-autofinancement\/","title":{"rendered":"BTS BANK: Des pr\u00eats entre 3000 et 5000 dinars, sans int\u00e9r\u00eat et sans autofinancement"},"content":{"rendered":"<p>En application de la d\u00e9cision du Chef du Gouvernement du 12 mai 2021 relative \u00e0 l\u2019\u00e9laboration d\u2019un programme d\u2019aide aux micro-entrepreneurs pour faire face \u00e0 la pand\u00e9mie du COVID-19 et au confinement g\u00e9n\u00e9ral obligatoire, la Banque Tunisienne de Solidarit\u00e9 (BTS BANK) et le Minist\u00e8re de la Jeunesse, des Sports et de l\u2019Insertion professionnelle ont sign\u00e9 une note commune le mercredi 16 juin 2021 au si\u00e8ge dudit minist\u00e8re afin \u00a0de lancer un programme sp\u00e9cial intitul\u00e9\u00a0 \u00ab Soutien TPE COVID \u00bb, et ce dans le but \u00a0d\u2019octroyer des cr\u00e9dits sous forme de fonds de roulement avec un plafond \u00a0de 5.000 dinars , au profit des promoteurs dans les secteurs les plus touch\u00e9s par la pand\u00e9mie et le confinement g\u00e9n\u00e9ral.<\/p>\n<p>Cette note a \u00e9t\u00e9 sign\u00e9e par Mme Sihem Ayadi la Ministre de la Jeunesse, des Sports et de l\u2019Insertion professionnelle, par int\u00e9rim et, Mr Khalifa Sboui Directeur G\u00e9n\u00e9ral de la Banque Tunisienne de Solidarit\u00e9,.<\/p>\n<p>Le montant de ces pr\u00eats est entre 3000 et 5000 dinars, sans int\u00e9r\u00eat et sans autofinancement. Ces pr\u00eats seront rembours\u00e9s sur 48 mois, dont 12 mois de p\u00e9riode de gr\u00e2ce.<\/p>\n<p>Ce programme vise \u00a0les personnes physiques qui exercent dans les secteurs les plus touch\u00e9s par la pand\u00e9mie et le confinement g\u00e9n\u00e9ral.<\/p>\n<p>Afin de b\u00e9n\u00e9ficier de ce programme, le promoteur doit remplir les conditions suivantes\u00a0:<\/p>\n<ul>\n<li>Il fait partie de la population cible<\/li>\n<li>Le projet doit \u00eatre en activit\u00e9,<\/li>\n<li>Le promoteur ne devrait pas disposer de dettes aupr\u00e8s des banques et des institutions financi\u00e8res \u00e0 fin 31\/12\/2019<\/li>\n<li>Etre en situation fiscale r\u00e9gularis\u00e9e \u00e0 fin 31\/12\/2019.<\/li>\n<\/ul>\n<p>Les personnes d\u00e9sirant b\u00e9n\u00e9ficier de ces pr\u00eats peuvent d\u00e9poser leurs demandes exclusivement via une plateforme \u00e9lectronique d\u00e9di\u00e9e au programme, visible sur le site web de la Banque et sur ses pages sur les r\u00e9seaux sociaux.<\/p>\n<p>Ces demandes seront examin\u00e9es par des comit\u00e9s r\u00e9gionaux compos\u00e9s des directions r\u00e9gionales de la formation professionnelle et de l\u2019emploi, des agences r\u00e9gionales de la BTS et des directions r\u00e9gionales de d\u00e9veloppement au niveau de chaque gouvernorat.<\/p>\n<div class=\"wp-post-author-wrap wp-post-author-shortcode left\">\n<h3 class=\"awpa-title\"\/>\n<div class=\"wp-post-author\">\n<div class=\"awpa-img awpa-author-block square\"><a href=\"http:\/\/lexpertjournal.net\/fr\/?author=5\"><img loading=\"lazy\" decoding=\"async\" alt=\"\" src=\"http:\/\/0.gravatar.com\/avatar\/97f8e10a1c1125ba104a76514ee07b16?s=150&amp;d=mm&amp;r=g\" srcset=\"http:\/\/0.gravatar.com\/avatar\/97f8e10a1c1125ba104a76514ee07b16?s=300&amp;d=mm&amp;r=g 2x\" class=\"avatar avatar-150 photo\" height=\"150\" width=\"150\"\/><\/a><\/div>\n<\/div>\n<\/div>\n<aside class=\"mashsb-container mashsb-main mashsb-stretched\">\n<\/aside>\n<p>Auteur: L&rsquo;expert<br \/>\n<a href=\"http:\/\/lexpertjournal.net\/fr\/?p=20395\">Cliquez ici pour lire l&rsquo;article depuis sa source.<\/a><\/p>\n","protected":false},"excerpt":{"rendered":"<p>En application de la d\u00e9cision du Chef du Gouvernement du 12 mai 2021 relative \u00e0 l\u2019\u00e9laboration d\u2019un programme d\u2019aide aux micro-entrepreneurs pour faire face \u00e0 la pand\u00e9mie du COVID-19 et au confinement g\u00e9n\u00e9ral obligatoire, la Banque Tunisienne de Solidarit\u00e9 (BTS BANK) et le Minist\u00e8re de la Jeunesse, des Sports et de l\u2019Insertion professionnelle ont sign\u00e9 [&hellip;]<\/p>\n","protected":false},"author":1775,"featured_media":0,"comment_status":"closed","ping_status":"closed","sticky":false,"template":"","format":"standard","meta":{"fifu_image_url":"http:\/\/0.gravatar.com\/avatar\/97f8e10a1c1125ba104a76514ee07b16?s=150&d=mm&r=g","fifu_image_alt":"BTS BANK: Des pr\u00eats entre 3000 et 5000 dinars, sans int\u00e9r\u00eat et sans autofinancement","footnotes":""},"categories":[78,55],"tags":[],"class_list":["post-118742","post","type-post","status-publish","format-standard","hentry","category-economie","category-tunisie"],"_links":{"self":[{"href":"https:\/\/linitiative.ca\/International\/wp-json\/wp\/v2\/posts\/118742","targetHints":{"allow":["GET"]}}],"collection":[{"href":"https:\/\/linitiative.ca\/International\/wp-json\/wp\/v2\/posts"}],"about":[{"href":"https:\/\/linitiative.ca\/International\/wp-json\/wp\/v2\/types\/post"}],"author":[{"embeddable":true,"href":"https:\/\/linitiative.ca\/International\/wp-json\/wp\/v2\/users\/1775"}],"replies":[{"embeddable":true,"href":"https:\/\/linitiative.ca\/International\/wp-json\/wp\/v2\/comments?post=118742"}],"version-history":[{"count":0,"href":"https:\/\/linitiative.ca\/International\/wp-json\/wp\/v2\/posts\/118742\/revisions"}],"wp:attachment":[{"href":"https:\/\/linitiative.ca\/International\/wp-json\/wp\/v2\/media?parent=118742"}],"wp:term":[{"taxonomy":"category","embeddable":true,"href":"https:\/\/linitiative.ca\/International\/wp-json\/wp\/v2\/categories?post=118742"},{"taxonomy":"post_tag","embeddable":true,"href":"https:\/\/linitiative.ca\/International\/wp-json\/wp\/v2\/tags?post=118742"}],"curies":[{"name":"wp","href":"https:\/\/api.w.org\/{rel}","templated":true}]}}