{"id":118746,"date":"2021-06-16T18:37:28","date_gmt":"2021-06-16T22:37:28","guid":{"rendered":"https:\/\/linitiative.ca\/International\/indh-remise-dambulances-equipees\/"},"modified":"2021-06-16T18:37:28","modified_gmt":"2021-06-16T22:37:28","slug":"indh-remise-dambulances-equipees","status":"publish","type":"post","link":"https:\/\/linitiative.ca\/International\/indh-remise-dambulances-equipees\/","title":{"rendered":"INDH: Remise d\u2019ambulances \u00e9quip\u00e9es"},"content":{"rendered":"<div class=\"single-featured\"><img alt=\"\" data-src=\"http:\/\/www.mapmarrakech.ma\/map\/uploads\/2021\/05\/indh.jpg\"\/><\/div>\n<div class=\"single-post-excerpt post-excerpt-bc\" readability=\"38\">\n<p>Safi \u2013 Trois ambulances \u00e9quip\u00e9es acquises dans le cadre de l\u2019Initiative Nationale pour le D\u00e9veloppement Humain (INDH) ont \u00e9t\u00e9 remises, mercredi, au profit d\u2019une association locale et des collectivit\u00e9s territoriales relevant de la province de Safi et ce, dans le cadre des efforts d\u00e9ploy\u00e9s pour renforcer l\u2019offre de sant\u00e9 au niveau de la province.<\/p>\n<\/div>\n<div class=\"entry-content clearfix single-post-content\" readability=\"60\">\n<p>La remise des cl\u00e9s de ces ambulances au profit des communes de Sidi Ettiji et de Labkhati, ainsi que de l\u2019Association Solidarit\u00e9 F\u00e9minine pour la gestion de la maison de la Maternit\u00e9 de Gzoula, a eu lieu en pr\u00e9sence du gouverneur de la province, M. Lahoucine Chaynane et ce, en marge d\u2019une r\u00e9union du Comit\u00e9 Provincial de D\u00e9veloppement Humain (CPDH).<\/p>\n<p>Cette initiative a pour objectif principalement de faciliter l\u2019acc\u00e8s aux services de sant\u00e9, d\u2019am\u00e9liorer la sant\u00e9 maternelle et infantile et de contribuer \u00e0 la mobilit\u00e9 des femmes enceintes.<\/p>\n<p>L\u2019acquisition de ces ambulances, d\u2019un montant de 900.000 dirhams s\u2019inscrit dans le cadre des programmes de l\u2019INDH notamment, le programme de rattrapage des d\u00e9ficits en infrastructures et services sociaux de base dans les territoires sous \u00e9quip\u00e9s, et celui de l\u2019impulsion du capital humain des g\u00e9n\u00e9rations montantes.<\/p>\n<p>Le CPDH avait, par ailleurs, tenu une r\u00e9union consacr\u00e9e \u00e0 l\u2019examen du bilan des projets de d\u00e9veloppement programm\u00e9s dans le cadre de l\u2019INDH au titre des ann\u00e9es 2020 et 2021, notamment les nouveaux projets pr\u00e9sent\u00e9s aux membres dudit Comit\u00e9, et l\u2019approbation des projets qui remplissent les conditions et les crit\u00e8res d\u2019\u00e9ligibilit\u00e9.<\/p>\n<\/div>\n<p>Auteur: Meriem IGASS<br \/>\n<a href=\"http:\/\/www.mapmarrakech.ma\/fr\/indh-remise-dambulances-equipees\/\">Cliquez ici pour lire l&rsquo;article depuis sa source.<\/a><\/p>\n","protected":false},"excerpt":{"rendered":"<p>Safi \u2013 Trois ambulances \u00e9quip\u00e9es acquises dans le cadre de l\u2019Initiative Nationale pour le D\u00e9veloppement Humain (INDH) ont \u00e9t\u00e9 remises, mercredi, au profit d\u2019une association locale et des collectivit\u00e9s territoriales relevant de la province de Safi et ce, dans le cadre des efforts d\u00e9ploy\u00e9s pour renforcer l\u2019offre de sant\u00e9 au niveau de la province. La [&hellip;]<\/p>\n","protected":false},"author":1788,"featured_media":0,"comment_status":"closed","ping_status":"closed","sticky":false,"template":"","format":"standard","meta":{"fifu_image_url":"http:\/\/www.mapmarrakech.ma\/map\/uploads\/2021\/05\/indh.jpg","fifu_image_alt":"INDH: Remise d\u2019ambulances \u00e9quip\u00e9es","footnotes":""},"categories":[54,76],"tags":[],"class_list":["post-118746","post","type-post","status-publish","format-standard","hentry","category-maroc","category-regions"],"_links":{"self":[{"href":"https:\/\/linitiative.ca\/International\/wp-json\/wp\/v2\/posts\/118746","targetHints":{"allow":["GET"]}}],"collection":[{"href":"https:\/\/linitiative.ca\/International\/wp-json\/wp\/v2\/posts"}],"about":[{"href":"https:\/\/linitiative.ca\/International\/wp-json\/wp\/v2\/types\/post"}],"author":[{"embeddable":true,"href":"https:\/\/linitiative.ca\/International\/wp-json\/wp\/v2\/users\/1788"}],"replies":[{"embeddable":true,"href":"https:\/\/linitiative.ca\/International\/wp-json\/wp\/v2\/comments?post=118746"}],"version-history":[{"count":0,"href":"https:\/\/linitiative.ca\/International\/wp-json\/wp\/v2\/posts\/118746\/revisions"}],"wp:attachment":[{"href":"https:\/\/linitiative.ca\/International\/wp-json\/wp\/v2\/media?parent=118746"}],"wp:term":[{"taxonomy":"category","embeddable":true,"href":"https:\/\/linitiative.ca\/International\/wp-json\/wp\/v2\/categories?post=118746"},{"taxonomy":"post_tag","embeddable":true,"href":"https:\/\/linitiative.ca\/International\/wp-json\/wp\/v2\/tags?post=118746"}],"curies":[{"name":"wp","href":"https:\/\/api.w.org\/{rel}","templated":true}]}}