{"id":118747,"date":"2021-06-17T06:53:43","date_gmt":"2021-06-17T10:53:43","guid":{"rendered":"https:\/\/linitiative.ca\/International\/remise-dequipements-au-profit-de-20-anciens-detenus\/"},"modified":"2021-06-17T06:53:43","modified_gmt":"2021-06-17T10:53:43","slug":"remise-dequipements-au-profit-de-20-anciens-detenus","status":"publish","type":"post","link":"https:\/\/linitiative.ca\/International\/remise-dequipements-au-profit-de-20-anciens-detenus\/","title":{"rendered":"Remise d\u2019\u00e9quipements au profit de 20 anciens d\u00e9tenus"},"content":{"rendered":"<div readability=\"39\">\n<p>Safi \u2013 La Fondation Mohammed VI pour la R\u00e9insertion des D\u00e9tenus a proc\u00e9d\u00e9, mercredi, au si\u00e8ge de la pr\u00e9fecture de la province de Safi, \u00e0 la remise d\u2019\u00e9quipements en soutien \u00e0 des Activit\u00e9s G\u00e9n\u00e9ratrices de Revenus (AGR), au profit d\u2019anciens d\u00e9tenus des \u00e9tablissements p\u00e9nitentiaires relevant de cette partie du territoire national.<\/p>\n<\/div>\n<div readability=\"84\">\n<p>D\u2019un co\u00fbt global de 371.472 DH, cette op\u00e9ration a concern\u00e9 20 anciens d\u00e9tenus, dont deux anciennes d\u00e9tenues, a pr\u00e9cis\u00e9 la Fondation Mohammed VI pour la r\u00e9insertion des d\u00e9tenus dans un communiqu\u00e9, relevant que cette op\u00e9ration s\u2019est d\u00e9roul\u00e9e dans le strict respect des mesures pr\u00e9ventives visant \u00e0 endiguer la propagation du nouveau coronavirus (Covid-19).<\/p>\n<p>Cette op\u00e9ration, supervis\u00e9e par le gouverneur de la province de Safi, Lahoucine Chaynane s\u2019inscrit dans le cadre de la mise en \u0153uvre d\u2019une convention tripartite sign\u00e9e entre la Fondation Mohammed VI pour la R\u00e9insertion des D\u00e9tenus, la Province de Safi et Attawfiq Micro-Finance, dans le cadre du programme de lutte contre la pr\u00e9carit\u00e9 relevant de l\u2019Initiative Nationale pour le D\u00e9veloppement Humain (INDH).<\/p>\n<p>Les AGR, qui concernent les secteurs des services, la restauration, l\u2019artisanat et le commerce, sont adapt\u00e9es \u00e0 la formation et les comp\u00e9tences professionnelles des b\u00e9n\u00e9ficiaires d\u2019une part, et les besoins du march\u00e9 d\u2019emploi d\u2019autre part, en prenant en consid\u00e9ration les sp\u00e9cificit\u00e9s socio\u00e9conomiques de la r\u00e9gion, explique-t-on de m\u00eame source.<\/p>\n<p>\u00ab\u00a0Cette op\u00e9ration rentre dans le cadre du programme d\u2019appui aux petits projets et \u00e0 l\u2019auto-emploi, au profit d\u2019anciens d\u00e9tenus des \u00e9tablissements p\u00e9nitentiaires au titre de 2020-2021, supervis\u00e9 par la Fondation Mohammed VI pour la R\u00e9insertion des D\u00e9tenus, ainsi que la mise en \u0153uvre de la strat\u00e9gie int\u00e9gr\u00e9e pour la r\u00e9insertion socioprofessionnelle de cette cat\u00e9gorie vuln\u00e9rable de citoyens, initi\u00e9e par la Fondation sous la Pr\u00e9sidence effective de Sa Majest\u00e9 le Roi Mohammed VI\u00a0\u00bb, lit-on dans le communiqu\u00e9.<\/p>\n<p>Ce programme est une extension des programmes de qualification et de r\u00e9insertion mis en \u0153uvre par la Fondation Mohammed VI pour la r\u00e9insertion des d\u00e9tenus en collaboration avec ses partenaires.<\/p>\n<p>Ce programme concerne la formation professionnelle, la sant\u00e9, l\u2019enseignement, les programmes d\u2019accompagnement social, sanitaire, administratif et professionnel selon le projet de vie individuel \u00e9labor\u00e9 avec chaque b\u00e9n\u00e9ficiaire par les centres r\u00e9gionaux d\u2019accompagnement et de r\u00e9insertion relevant de la Fondation, afin de garantir la r\u00e9insertion de cette frange de citoyens dans le tissu socio\u00e9conomique et de lutter contre la r\u00e9cidive.<\/p>\n<\/div>\n<p>Auteur: Meriem IGASS<br \/>\n<a href=\"http:\/\/www.mapmarrakech.ma\/fr\/remise-dequipements-en-soutien-a-des-agr-au-profit-de-20-anciens-detenus\/\">Cliquez ici pour lire l&rsquo;article depuis sa source.<\/a><\/p>\n","protected":false},"excerpt":{"rendered":"<p>Safi \u2013 La Fondation Mohammed VI pour la R\u00e9insertion des D\u00e9tenus a proc\u00e9d\u00e9, mercredi, au si\u00e8ge de la pr\u00e9fecture de la province de Safi, \u00e0 la remise d\u2019\u00e9quipements en soutien \u00e0 des Activit\u00e9s G\u00e9n\u00e9ratrices de Revenus (AGR), au profit d\u2019anciens d\u00e9tenus des \u00e9tablissements p\u00e9nitentiaires relevant de cette partie du territoire national. D\u2019un co\u00fbt global de [&hellip;]<\/p>\n","protected":false},"author":1788,"featured_media":0,"comment_status":"closed","ping_status":"closed","sticky":false,"template":"","format":"standard","meta":{"fifu_image_url":"","fifu_image_alt":"","footnotes":""},"categories":[54,76],"tags":[],"class_list":["post-118747","post","type-post","status-publish","format-standard","hentry","category-maroc","category-regions"],"_links":{"self":[{"href":"https:\/\/linitiative.ca\/International\/wp-json\/wp\/v2\/posts\/118747","targetHints":{"allow":["GET"]}}],"collection":[{"href":"https:\/\/linitiative.ca\/International\/wp-json\/wp\/v2\/posts"}],"about":[{"href":"https:\/\/linitiative.ca\/International\/wp-json\/wp\/v2\/types\/post"}],"author":[{"embeddable":true,"href":"https:\/\/linitiative.ca\/International\/wp-json\/wp\/v2\/users\/1788"}],"replies":[{"embeddable":true,"href":"https:\/\/linitiative.ca\/International\/wp-json\/wp\/v2\/comments?post=118747"}],"version-history":[{"count":0,"href":"https:\/\/linitiative.ca\/International\/wp-json\/wp\/v2\/posts\/118747\/revisions"}],"wp:attachment":[{"href":"https:\/\/linitiative.ca\/International\/wp-json\/wp\/v2\/media?parent=118747"}],"wp:term":[{"taxonomy":"category","embeddable":true,"href":"https:\/\/linitiative.ca\/International\/wp-json\/wp\/v2\/categories?post=118747"},{"taxonomy":"post_tag","embeddable":true,"href":"https:\/\/linitiative.ca\/International\/wp-json\/wp\/v2\/tags?post=118747"}],"curies":[{"name":"wp","href":"https:\/\/api.w.org\/{rel}","templated":true}]}}