{"id":118749,"date":"2021-06-17T12:09:09","date_gmt":"2021-06-17T16:09:09","guid":{"rendered":"https:\/\/linitiative.ca\/International\/marchica-med-saffirme-comme-modele-social-et-economique\/"},"modified":"2021-06-17T12:09:09","modified_gmt":"2021-06-17T16:09:09","slug":"marchica-med-saffirme-comme-modele-social-et-economique","status":"publish","type":"post","link":"https:\/\/linitiative.ca\/International\/marchica-med-saffirme-comme-modele-social-et-economique\/","title":{"rendered":"Marchica Med s\u2019affirme comme \u00ab mod\u00e8le social et \u00e9conomique \u00bb"},"content":{"rendered":"<p><iframe loading=\"lazy\" width=\"1170\" height=\"658\" src=\"https:\/\/www.youtube.com\/embed\/iuQ1qPe2WCk?feature=oembed\" frameborder=\"0\" allow=\"accelerometer; autoplay; clipboard-write; encrypted-media; gyroscope; picture-in-picture\" allowfullscreen=\"allowfullscreen\">[embedded content]<\/iframe><\/p>\n<div class=\"single-post-excerpt post-excerpt-bc\" readability=\"40\">\n<p>A la faveur de son expertise av\u00e9r\u00e9e en mati\u00e8re de d\u00e9veloppement territorial et de d\u00e9pollution, la Soci\u00e9t\u00e9 Marchica Med s\u2019est affirm\u00e9e en tant que \u201cmod\u00e8le social et \u00e9conomique\u201d qui inspire nombre de pays, notamment africains, a affirm\u00e9, le Pr\u00e9sident Directeur g\u00e9n\u00e9ral de la Soci\u00e9t\u00e9, M. Sa\u00efd Zarrou.<\/p>\n<\/div>\n<p>Auteur: Soufiane ELAHMAR<br \/>\n<a href=\"http:\/\/www.mapoujda.ma\/fr\/marchica-med-saffirme-comme-modele-social-et-economique\/\">Cliquez ici pour lire l&rsquo;article depuis sa source.<\/a><\/p>\n","protected":false},"excerpt":{"rendered":"<p>[embedded content] A la faveur de son expertise av\u00e9r\u00e9e en mati\u00e8re de d\u00e9veloppement territorial et de d\u00e9pollution, la Soci\u00e9t\u00e9 Marchica Med s\u2019est affirm\u00e9e en tant que \u201cmod\u00e8le social et \u00e9conomique\u201d qui inspire nombre de pays, notamment africains, a affirm\u00e9, le Pr\u00e9sident Directeur g\u00e9n\u00e9ral de la Soci\u00e9t\u00e9, M. Sa\u00efd Zarrou. Auteur: Soufiane ELAHMAR Cliquez ici pour [&hellip;]<\/p>\n","protected":false},"author":1788,"featured_media":0,"comment_status":"closed","ping_status":"closed","sticky":false,"template":"","format":"standard","meta":{"fifu_image_url":"","fifu_image_alt":"","footnotes":""},"categories":[54,76],"tags":[],"class_list":["post-118749","post","type-post","status-publish","format-standard","hentry","category-maroc","category-regions"],"_links":{"self":[{"href":"https:\/\/linitiative.ca\/International\/wp-json\/wp\/v2\/posts\/118749","targetHints":{"allow":["GET"]}}],"collection":[{"href":"https:\/\/linitiative.ca\/International\/wp-json\/wp\/v2\/posts"}],"about":[{"href":"https:\/\/linitiative.ca\/International\/wp-json\/wp\/v2\/types\/post"}],"author":[{"embeddable":true,"href":"https:\/\/linitiative.ca\/International\/wp-json\/wp\/v2\/users\/1788"}],"replies":[{"embeddable":true,"href":"https:\/\/linitiative.ca\/International\/wp-json\/wp\/v2\/comments?post=118749"}],"version-history":[{"count":0,"href":"https:\/\/linitiative.ca\/International\/wp-json\/wp\/v2\/posts\/118749\/revisions"}],"wp:attachment":[{"href":"https:\/\/linitiative.ca\/International\/wp-json\/wp\/v2\/media?parent=118749"}],"wp:term":[{"taxonomy":"category","embeddable":true,"href":"https:\/\/linitiative.ca\/International\/wp-json\/wp\/v2\/categories?post=118749"},{"taxonomy":"post_tag","embeddable":true,"href":"https:\/\/linitiative.ca\/International\/wp-json\/wp\/v2\/tags?post=118749"}],"curies":[{"name":"wp","href":"https:\/\/api.w.org\/{rel}","templated":true}]}}