{"id":118753,"date":"2021-06-17T07:30:02","date_gmt":"2021-06-17T11:30:02","guid":{"rendered":"https:\/\/linitiative.ca\/International\/un-million-de-cartables-les-industriels-nationaux-mobilises\/"},"modified":"2021-06-17T07:30:02","modified_gmt":"2021-06-17T11:30:02","slug":"un-million-de-cartables-les-industriels-nationaux-mobilises","status":"publish","type":"post","link":"https:\/\/linitiative.ca\/International\/un-million-de-cartables-les-industriels-nationaux-mobilises\/","title":{"rendered":"Un million de cartables: Les industriels nationaux mobilis\u00e9s"},"content":{"rendered":"<p class=\"rtejustify\"><em>photo d&rsquo;illustration<\/em><\/p>\n<p class=\"rtejustify\">L\u2019op\u00e9ration \u00ab Un million de cartables \u00bb mobilisera pour la seconde ann\u00e9e de suite les industriels nationaux.<\/p>\n<p class=\"rtejustify\">31 offres ont en effet \u00e9t\u00e9 re\u00e7ues par la commission de s\u00e9lection \u00e0 l\u2019issue de la consultation publique lanc\u00e9e en mai dernier par le minist\u00e8re de l\u2019Industrie aupr\u00e8s de cinq associations professionnelles (Association marocaine des industries du textile et de l\u2019habillement, F\u00e9d\u00e9ration marocaine des industries du cuir, Association marocaine de la plasturgie, Association des libraires du Maroc et Association des fabricants de cartables). Dans ce lot, 21 offres ont \u00e9t\u00e9 jug\u00e9es conformes aux crit\u00e8res fix\u00e9s par la commission, contre 4 entreprises qui ont \u00e9t\u00e9 retenues l\u2019ann\u00e9e derni\u00e8re sur les 9 ayant pr\u00e9sent\u00e9 une offre.<\/p>\n<p class=\"rtejustify\">Cette op\u00e9ration vise ainsi \u00e0 encourager l\u2019industrie locale et le \u00ab Made in Morocco \u00bb. Une convention de partenariat avait \u00e9t\u00e9 sign\u00e9e en ce sens par les trois d\u00e9partements minist\u00e9riels concern\u00e9s (Education nationale, Int\u00e9rieur et Industrie). Les entreprises devaient pr\u00e9senter des \u00e9chantillons de cartables fabriqu\u00e9s en tissus d\u2019origine marocaine, conform\u00e9ment aux sp\u00e9cifications techniques de la norme marocaine en vigueur et aux sp\u00e9cifications qualit\u00e9 du minist\u00e8re de l\u2019Education nationale. Les \u00e9chantillons doivent \u00e9galement \u00eatre accompagn\u00e9s d\u2019un rapport de conformit\u00e9 d\u00e9livr\u00e9 par les laboratoires marocains agr\u00e9\u00e9s par le d\u00e9partement de l\u2019Industrie (CTTH, CTPC, ESITH).<\/p>\n<p class=\"rtejustify\">A noter que quatre crit\u00e8res sont retenus, la qualit\u00e9 de la mati\u00e8re premi\u00e8re et l\u2019adaptabilit\u00e9 du tissu, la conformit\u00e9 technique du cartable, la capacit\u00e9 de production quotidienne et le design.<\/p>\n<p class=\"rtejustify\">\u00a0<\/p>\n<p>Auteur: mbasraoui<br \/>\n<a href=\"https:\/\/www.leconomiste.com\/flash-infos\/un-million-de-cartables-les-industriels-nationaux-mobilises\">Cliquez ici pour lire l&rsquo;article depuis sa source.<\/a><\/p>\n","protected":false},"excerpt":{"rendered":"<p>photo d&rsquo;illustration L\u2019op\u00e9ration \u00ab Un million de cartables \u00bb mobilisera pour la seconde ann\u00e9e de suite les industriels nationaux. 31 offres ont en effet \u00e9t\u00e9 re\u00e7ues par la commission de s\u00e9lection \u00e0 l\u2019issue de la consultation publique lanc\u00e9e en mai dernier par le minist\u00e8re de l\u2019Industrie aupr\u00e8s de cinq associations professionnelles (Association marocaine des industries [&hellip;]<\/p>\n","protected":false},"author":1763,"featured_media":0,"comment_status":"closed","ping_status":"closed","sticky":false,"template":"","format":"standard","meta":{"fifu_image_url":"","fifu_image_alt":"","footnotes":""},"categories":[78,54],"tags":[],"class_list":["post-118753","post","type-post","status-publish","format-standard","hentry","category-economie","category-maroc"],"_links":{"self":[{"href":"https:\/\/linitiative.ca\/International\/wp-json\/wp\/v2\/posts\/118753","targetHints":{"allow":["GET"]}}],"collection":[{"href":"https:\/\/linitiative.ca\/International\/wp-json\/wp\/v2\/posts"}],"about":[{"href":"https:\/\/linitiative.ca\/International\/wp-json\/wp\/v2\/types\/post"}],"author":[{"embeddable":true,"href":"https:\/\/linitiative.ca\/International\/wp-json\/wp\/v2\/users\/1763"}],"replies":[{"embeddable":true,"href":"https:\/\/linitiative.ca\/International\/wp-json\/wp\/v2\/comments?post=118753"}],"version-history":[{"count":0,"href":"https:\/\/linitiative.ca\/International\/wp-json\/wp\/v2\/posts\/118753\/revisions"}],"wp:attachment":[{"href":"https:\/\/linitiative.ca\/International\/wp-json\/wp\/v2\/media?parent=118753"}],"wp:term":[{"taxonomy":"category","embeddable":true,"href":"https:\/\/linitiative.ca\/International\/wp-json\/wp\/v2\/categories?post=118753"},{"taxonomy":"post_tag","embeddable":true,"href":"https:\/\/linitiative.ca\/International\/wp-json\/wp\/v2\/tags?post=118753"}],"curies":[{"name":"wp","href":"https:\/\/api.w.org\/{rel}","templated":true}]}}