{"id":118754,"date":"2021-06-17T09:08:17","date_gmt":"2021-06-17T13:08:17","guid":{"rendered":"https:\/\/linitiative.ca\/International\/fes-uemf-la-chaire-femmes-en-sciences-operationnelle\/"},"modified":"2021-06-17T09:08:17","modified_gmt":"2021-06-17T13:08:17","slug":"fes-uemf-la-chaire-femmes-en-sciences-operationnelle","status":"publish","type":"post","link":"https:\/\/linitiative.ca\/International\/fes-uemf-la-chaire-femmes-en-sciences-operationnelle\/","title":{"rendered":"F\u00e8s-UEMF: La Chaire \u00ab\u00a0Femmes en Sciences\u00a0\u00bb op\u00e9rationnelle"},"content":{"rendered":"<p class=\"rtejustify\">C&rsquo;est officiel. L\u2019Universit\u00e9 Euromed de F\u00e8s et l\u2019Organisation du Monde Islamique pour l\u2019\u00c9ducation, les Sciences et la Culture (ICESCO) misent sur l\u2019inclusion et l\u2019\u00e9galit\u00e9 des genres dans le domaine de l\u2019Intelligence Artificielle (IA).<\/p>\n<p class=\"rtejustify\">C&rsquo;est ce qui ressort de l&rsquo;accord avalis\u00e9 ce jeudi 17 juin 2021 entre Pr Mostapha Bousmina, pr\u00e9sident de l&rsquo;UEMF d&rsquo;une part et Salim M. Al Malik, Directeur G\u00e9n\u00e9ral de l\u2019ICESCO, d&rsquo;autre part. Avalis\u00e9e \u00e0 l&rsquo;issue de la visite du responsable de l&rsquo;ICESCO \u00e0 l&rsquo;UEMF, la cr\u00e9ation d\u2019une nouvelle chaire intitul\u00e9e \u00ab Femme en Science \u00bb est d\u00e9di\u00e9e aux travaux de Recherche &amp; Innovation dans le domaine de l\u2019Intelligence Artificielle. Cette nouvelle cr\u00e9ation vient renforcer la motivation et l\u2019engagement des deux partenaires qui font de l\u2019\u00e9galit\u00e9 une base fondamentale et oeuvrent, entre autres, \u00e0 favoriser l\u2019inclusion et la diversit\u00e9 dans l\u2019intelligence artificielle plus particuli\u00e8rement, un domaine qui est devenu aujourd\u2019hui un levier de d\u00e9veloppement et de progr\u00e8s dans plusieurs secteurs d\u2019activit\u00e9s.<\/p>\n<p class=\"rtejustify\">Concr\u00e8tement, cette chaire se donne comme mission de cr\u00e9er un cadre de r\u00e9f\u00e9rence pour y conduire et d\u00e9velopper des travaux de recherches en partenariat avec le monde industriel marocain. Avec une telle vision, l\u2019impact et d\u2019autant plus fort. L\u2019UEMF compte ainsi attirer davantage de doctorants et surtout des doctorantes dans le domaine de l\u2019IA, avec une volont\u00e9 affich\u00e9e de soutenir et favoriser l\u2019innovation et l\u2019entrepreneuriat dans le secteur du num\u00e9rique. Les futur.es chercheurs \/ chercheuses pourront de ce fait tisser des liens avec les meilleurs laboratoires du monde gr\u00e2ce au large r\u00e9seau de partenaires de l\u2019UEMF via son \u00c9cole sur l\u2019Ing\u00e9nierie Digitale et l\u2019Intelligence Artificielle (EIDIA), premi\u00e8re \u00e9cole d\u2019Ing\u00e9nieurs dans ce domaine \u00e0 l\u2019\u00e9chelle Euro-Afrique.<\/p>\n<p class=\"rtejustify\">\u00ab\u00a0La coordination et la gestion de cette chaire est confi\u00e9e \u00e0 la Professeure Maha Gmira, experte reconnue en intelligence artificielle\u00a0\u00bb, souligne-t-on. Et de pr\u00e9ciser que Mme Gmiraest sp\u00e9cialiste et enseignante \u00e0 l\u2019Ecole d\u2019Ing\u00e9nierie Digitale et d\u2019Intelligence Artificielle ayant r\u00e9alis\u00e9 sa th\u00e8se de doctorat \u00e0 l\u2019\u00c9cole Polytechnique de Montr\u00e9al, dans l\u2019un des centres d\u2019excellence mondial sur l\u2019IA, la science des donn\u00e9es pour la prise de d\u00e9cision en temps r\u00e9el IVADO, CIRRELT, GERAD, etc. et le MILA dirige\u0301 par Pr. Yoshua Bengio.<\/p>\n<p class=\"rtejustify\">Aujourd\u2019hui, elle est membre de plusieurs instituts et groupes de recherche prestigieux, reconnus comme chefs de file mondiaux en science des donn\u00e9es et en intelligence artificielle : chaire d\u2019excellence du Canada.<\/p>\n<p class=\"rtejustify\"><em>Y.S.A<\/em><\/p>\n<p class=\"rtejustify\">\u00a0<\/p>\n<p>Auteur: mbasraoui<br \/>\n<a href=\"https:\/\/www.leconomiste.com\/flash-infos\/fes-uemf-la-chaire-femmes-en-sciences-operationnelle\">Cliquez ici pour lire l&rsquo;article depuis sa source.<\/a><\/p>\n","protected":false},"excerpt":{"rendered":"<p>C&rsquo;est officiel. L\u2019Universit\u00e9 Euromed de F\u00e8s et l\u2019Organisation du Monde Islamique pour l\u2019\u00c9ducation, les Sciences et la Culture (ICESCO) misent sur l\u2019inclusion et l\u2019\u00e9galit\u00e9 des genres dans le domaine de l\u2019Intelligence Artificielle (IA). C&rsquo;est ce qui ressort de l&rsquo;accord avalis\u00e9 ce jeudi 17 juin 2021 entre Pr Mostapha Bousmina, pr\u00e9sident de l&rsquo;UEMF d&rsquo;une part et [&hellip;]<\/p>\n","protected":false},"author":1763,"featured_media":0,"comment_status":"closed","ping_status":"closed","sticky":false,"template":"","format":"standard","meta":{"fifu_image_url":"","fifu_image_alt":"","footnotes":""},"categories":[78,54],"tags":[],"class_list":["post-118754","post","type-post","status-publish","format-standard","hentry","category-economie","category-maroc"],"_links":{"self":[{"href":"https:\/\/linitiative.ca\/International\/wp-json\/wp\/v2\/posts\/118754","targetHints":{"allow":["GET"]}}],"collection":[{"href":"https:\/\/linitiative.ca\/International\/wp-json\/wp\/v2\/posts"}],"about":[{"href":"https:\/\/linitiative.ca\/International\/wp-json\/wp\/v2\/types\/post"}],"author":[{"embeddable":true,"href":"https:\/\/linitiative.ca\/International\/wp-json\/wp\/v2\/users\/1763"}],"replies":[{"embeddable":true,"href":"https:\/\/linitiative.ca\/International\/wp-json\/wp\/v2\/comments?post=118754"}],"version-history":[{"count":0,"href":"https:\/\/linitiative.ca\/International\/wp-json\/wp\/v2\/posts\/118754\/revisions"}],"wp:attachment":[{"href":"https:\/\/linitiative.ca\/International\/wp-json\/wp\/v2\/media?parent=118754"}],"wp:term":[{"taxonomy":"category","embeddable":true,"href":"https:\/\/linitiative.ca\/International\/wp-json\/wp\/v2\/categories?post=118754"},{"taxonomy":"post_tag","embeddable":true,"href":"https:\/\/linitiative.ca\/International\/wp-json\/wp\/v2\/tags?post=118754"}],"curies":[{"name":"wp","href":"https:\/\/api.w.org\/{rel}","templated":true}]}}