{"id":118755,"date":"2021-06-17T10:15:00","date_gmt":"2021-06-17T14:15:00","guid":{"rendered":"https:\/\/linitiative.ca\/International\/les-exportateurs-davocats-creent-leur-association\/"},"modified":"2021-06-17T10:15:00","modified_gmt":"2021-06-17T14:15:00","slug":"les-exportateurs-davocats-creent-leur-association","status":"publish","type":"post","link":"https:\/\/linitiative.ca\/International\/les-exportateurs-davocats-creent-leur-association\/","title":{"rendered":"Les exportateurs d\u2019avocats cr\u00e9ent leur association"},"content":{"rendered":"<p class=\"rtejustify\">Les principaux exportateurs d\u2019avocat au Maroc ont cr\u00e9\u00e9 r\u00e9cemment, sous l\u2019appellation \u00ab\u00a0Morocco Avocado Association\u00a0\u00bb (MAVA), leur association, en vue de servir en tant que catalyseur des diff\u00e9rentes d\u00e9marches d\u00e9j\u00e0 existantes en mati\u00e8re d\u2019exportation de l\u2019avocat marocain.<\/p>\n<p class=\"rtejustify\">L\u2019objectif premier est d\u2019assurer et de garantir la s\u00e9curit\u00e9 alimentaire des consommateurs europ\u00e9ens. Ce march\u00e9 repr\u00e9sente en effet 90% des exportations nationales, selon les producteurs. La fili\u00e8re s\u2019est engag\u00e9e depuis plusieurs ann\u00e9es dans une d\u00e9marche de certification \u00e0 l\u2019internationale, en particulier Global Gap, afin de renforcer les standards de qualit\u00e9, des vergers aux usines de conditionnement, a indiqu\u00e9 la MAVA.<\/p>\n<p class=\"rtejustify\">L\u2019association souligne que la fili\u00e8re est accompagn\u00e9e par des structures \u00e9tatiques de contr\u00f4le et de r\u00e9gulation telles que \u00ab\u00a0Morocco Foodex\u00a0\u00bb ou l\u2019ONSSA, qui effectuent chaque ann\u00e9e proactivement des milliers d\u2019analyses sur l\u2019ensemble du territoire pour garantir la s\u00e9curit\u00e9 des exportations du pays.<\/p>\n<p class=\"rtejustify\">\u00a0<\/p>\n<p class=\"rtejustify\">\u00a0<\/p>\n<p>Auteur: mbasraoui<br \/>\n<a href=\"https:\/\/www.leconomiste.com\/flash-infos\/les-exportateurs-d-avocat-creent-leur-association\">Cliquez ici pour lire l&rsquo;article depuis sa source.<\/a><\/p>\n","protected":false},"excerpt":{"rendered":"<p>Les principaux exportateurs d\u2019avocat au Maroc ont cr\u00e9\u00e9 r\u00e9cemment, sous l\u2019appellation \u00ab\u00a0Morocco Avocado Association\u00a0\u00bb (MAVA), leur association, en vue de servir en tant que catalyseur des diff\u00e9rentes d\u00e9marches d\u00e9j\u00e0 existantes en mati\u00e8re d\u2019exportation de l\u2019avocat marocain. L\u2019objectif premier est d\u2019assurer et de garantir la s\u00e9curit\u00e9 alimentaire des consommateurs europ\u00e9ens. Ce march\u00e9 repr\u00e9sente en effet 90% [&hellip;]<\/p>\n","protected":false},"author":1763,"featured_media":0,"comment_status":"closed","ping_status":"closed","sticky":false,"template":"","format":"standard","meta":{"fifu_image_url":"","fifu_image_alt":"","footnotes":""},"categories":[78,54],"tags":[],"class_list":["post-118755","post","type-post","status-publish","format-standard","hentry","category-economie","category-maroc"],"_links":{"self":[{"href":"https:\/\/linitiative.ca\/International\/wp-json\/wp\/v2\/posts\/118755","targetHints":{"allow":["GET"]}}],"collection":[{"href":"https:\/\/linitiative.ca\/International\/wp-json\/wp\/v2\/posts"}],"about":[{"href":"https:\/\/linitiative.ca\/International\/wp-json\/wp\/v2\/types\/post"}],"author":[{"embeddable":true,"href":"https:\/\/linitiative.ca\/International\/wp-json\/wp\/v2\/users\/1763"}],"replies":[{"embeddable":true,"href":"https:\/\/linitiative.ca\/International\/wp-json\/wp\/v2\/comments?post=118755"}],"version-history":[{"count":0,"href":"https:\/\/linitiative.ca\/International\/wp-json\/wp\/v2\/posts\/118755\/revisions"}],"wp:attachment":[{"href":"https:\/\/linitiative.ca\/International\/wp-json\/wp\/v2\/media?parent=118755"}],"wp:term":[{"taxonomy":"category","embeddable":true,"href":"https:\/\/linitiative.ca\/International\/wp-json\/wp\/v2\/categories?post=118755"},{"taxonomy":"post_tag","embeddable":true,"href":"https:\/\/linitiative.ca\/International\/wp-json\/wp\/v2\/tags?post=118755"}],"curies":[{"name":"wp","href":"https:\/\/api.w.org\/{rel}","templated":true}]}}