{"id":118756,"date":"2021-06-17T10:58:38","date_gmt":"2021-06-17T14:58:38","guid":{"rendered":"https:\/\/linitiative.ca\/International\/collectivites-territoriales-dernier-delai-pour-beneficier-de-lamnistie-sur-la-fiscalite-locale\/"},"modified":"2021-06-17T10:58:38","modified_gmt":"2021-06-17T14:58:38","slug":"collectivites-territoriales-dernier-delai-pour-beneficier-de-lamnistie-sur-la-fiscalite-locale","status":"publish","type":"post","link":"https:\/\/linitiative.ca\/International\/collectivites-territoriales-dernier-delai-pour-beneficier-de-lamnistie-sur-la-fiscalite-locale\/","title":{"rendered":"Collectivit\u00e9s territoriales: Dernier d\u00e9lai pour b\u00e9n\u00e9ficier de l&rsquo;amnistie sur la fiscalit\u00e9 locale"},"content":{"rendered":"<p class=\"rtejustify\">Le 30 juin sera dernier d\u00e9lai pour b\u00e9n\u00e9ficier de l&rsquo;amnistie sur la fiscalit\u00e9 locale, annonce la Direction g\u00e9n\u00e9rale des collectivit\u00e9s territoriales (DGCT). Ce sera la date limite pour b\u00e9n\u00e9ficier de l&rsquo;annulation des majorations, amendes, p\u00e9nalit\u00e9s et frais de recouvrements relatifs aux imp\u00f4ts, taxes, droits, contributions et redevances dus aux collectivit\u00e9s territoriales.<\/p>\n<p class=\"rtejustify\">Les int\u00e9ress\u00e9s devront s\u2019acquitter spontan\u00e9ment de l&rsquo;int\u00e9gralit\u00e9 du principal de ces imp\u00f4ts, taxes, droits, contributions et redevances, avant le 1er juillet 2021. Les redevables uniquement des amendes, p\u00e9nalit\u00e9s, majorations et frais de recouvrements non per\u00e7us avant le 1er janvier 2020 b\u00e9n\u00e9ficient de leur annulation totale et spontan\u00e9e.<\/p>\n<p>Auteur: hgueye<br \/>\n<a href=\"https:\/\/www.leconomiste.com\/flash-infos\/collectivites-territoriales-dernier-delai-pour-beneficier-de-l-amnistie-sur-la-fiscalite\">Cliquez ici pour lire l&rsquo;article depuis sa source.<\/a><\/p>\n","protected":false},"excerpt":{"rendered":"<p>Le 30 juin sera dernier d\u00e9lai pour b\u00e9n\u00e9ficier de l&rsquo;amnistie sur la fiscalit\u00e9 locale, annonce la Direction g\u00e9n\u00e9rale des collectivit\u00e9s territoriales (DGCT). Ce sera la date limite pour b\u00e9n\u00e9ficier de l&rsquo;annulation des majorations, amendes, p\u00e9nalit\u00e9s et frais de recouvrements relatifs aux imp\u00f4ts, taxes, droits, contributions et redevances dus aux collectivit\u00e9s territoriales. Les int\u00e9ress\u00e9s devront s\u2019acquitter [&hellip;]<\/p>\n","protected":false},"author":1763,"featured_media":0,"comment_status":"closed","ping_status":"closed","sticky":false,"template":"","format":"standard","meta":{"fifu_image_url":"","fifu_image_alt":"","footnotes":""},"categories":[78,54],"tags":[],"class_list":["post-118756","post","type-post","status-publish","format-standard","hentry","category-economie","category-maroc"],"_links":{"self":[{"href":"https:\/\/linitiative.ca\/International\/wp-json\/wp\/v2\/posts\/118756","targetHints":{"allow":["GET"]}}],"collection":[{"href":"https:\/\/linitiative.ca\/International\/wp-json\/wp\/v2\/posts"}],"about":[{"href":"https:\/\/linitiative.ca\/International\/wp-json\/wp\/v2\/types\/post"}],"author":[{"embeddable":true,"href":"https:\/\/linitiative.ca\/International\/wp-json\/wp\/v2\/users\/1763"}],"replies":[{"embeddable":true,"href":"https:\/\/linitiative.ca\/International\/wp-json\/wp\/v2\/comments?post=118756"}],"version-history":[{"count":0,"href":"https:\/\/linitiative.ca\/International\/wp-json\/wp\/v2\/posts\/118756\/revisions"}],"wp:attachment":[{"href":"https:\/\/linitiative.ca\/International\/wp-json\/wp\/v2\/media?parent=118756"}],"wp:term":[{"taxonomy":"category","embeddable":true,"href":"https:\/\/linitiative.ca\/International\/wp-json\/wp\/v2\/categories?post=118756"},{"taxonomy":"post_tag","embeddable":true,"href":"https:\/\/linitiative.ca\/International\/wp-json\/wp\/v2\/tags?post=118756"}],"curies":[{"name":"wp","href":"https:\/\/api.w.org\/{rel}","templated":true}]}}