{"id":118758,"date":"2021-06-17T15:14:13","date_gmt":"2021-06-17T19:14:13","guid":{"rendered":"https:\/\/linitiative.ca\/International\/international-le-real-madrid-officialise-le-depart-de-sergio-ramos\/"},"modified":"2021-06-17T15:14:13","modified_gmt":"2021-06-17T19:14:13","slug":"international-le-real-madrid-officialise-le-depart-de-sergio-ramos","status":"publish","type":"post","link":"https:\/\/linitiative.ca\/International\/international-le-real-madrid-officialise-le-depart-de-sergio-ramos\/","title":{"rendered":"International : Le Real Madrid officialise le d\u00e9part de Sergio Ramos !"},"content":{"rendered":"<div readability=\"32\">\n<p>Auteur : <span class=\"time\">mercredi 16 juin 2021 20:46<\/span><\/p>\n<\/div>\n<div id=\"post_core\" readability=\"46\">\n<p>Pr\u00e9sent au club depuis 2005, le d\u00e9fenseur espagnol de 35 ans arrivait en fin de contrat le 30 juin prochain et ne va donc pas prolonger l&rsquo;aventure avec la Casa Blanca.<\/p>\n<p>\u00ab\u00a0Le Real Madrid CF annonce que demain, jeudi 17 juin, \u00e0 12h30, il y aura un acte institutionnel d&rsquo;hommage et d&rsquo;adieu \u00e0 notre capitaine Sergio Ramos, en pr\u00e9sence de notre pr\u00e9sident Florentino P\u00e9rez. Ensuite, Sergio Ramos se pr\u00e9sentera devant les m\u00e9dias lors d&rsquo;une conf\u00e9rence de presse t\u00e9l\u00e9matique\u00a0\u00bb est-il \u00e9crit comme le rapporte Madeinfoot. Quelle sera la prochaine destination de Ramos ?<\/p>\n<p><strong>Publi\u00e9 dans :<\/strong> <span>real madrid<\/span><\/p>\n<\/div>\n<p>Auteur:<br \/>\n<a href=\"http:\/\/www.lebuteur.com\/article\/detail?titre=le-real-madrid-officialise-le-depart-de-sergio-ramos&#038;id=100397&#038;utm_source=feedburner&#038;utm_medium=feed&#038;utm_campaign=Feed%3A+GalerieFArtciles+%28Les+derniers+articles++-+lebuteur.com%29\">Cliquez ici pour lire l&rsquo;article depuis sa source.<\/a><\/p>\n","protected":false},"excerpt":{"rendered":"<p>Auteur : mercredi 16 juin 2021 20:46 Pr\u00e9sent au club depuis 2005, le d\u00e9fenseur espagnol de 35 ans arrivait en fin de contrat le 30 juin prochain et ne va donc pas prolonger l&rsquo;aventure avec la Casa Blanca. \u00ab\u00a0Le Real Madrid CF annonce que demain, jeudi 17 juin, \u00e0 12h30, il y aura un acte [&hellip;]<\/p>\n","protected":false},"author":1738,"featured_media":0,"comment_status":"closed","ping_status":"closed","sticky":false,"template":"","format":"standard","meta":{"fifu_image_url":"\/\/cdn.lebuteur.com\/data\/images\/article\/thumbs\/large-le-real-madrid-officialise-le-depart-de-sergio-ramos-55f9e.jpg","fifu_image_alt":"International : Le Real Madrid officialise le d\u00e9part de Sergio Ramos !","footnotes":""},"categories":[53,75],"tags":[],"class_list":["post-118758","post","type-post","status-publish","format-standard","hentry","category-algerie","category-sport"],"_links":{"self":[{"href":"https:\/\/linitiative.ca\/International\/wp-json\/wp\/v2\/posts\/118758","targetHints":{"allow":["GET"]}}],"collection":[{"href":"https:\/\/linitiative.ca\/International\/wp-json\/wp\/v2\/posts"}],"about":[{"href":"https:\/\/linitiative.ca\/International\/wp-json\/wp\/v2\/types\/post"}],"author":[{"embeddable":true,"href":"https:\/\/linitiative.ca\/International\/wp-json\/wp\/v2\/users\/1738"}],"replies":[{"embeddable":true,"href":"https:\/\/linitiative.ca\/International\/wp-json\/wp\/v2\/comments?post=118758"}],"version-history":[{"count":0,"href":"https:\/\/linitiative.ca\/International\/wp-json\/wp\/v2\/posts\/118758\/revisions"}],"wp:attachment":[{"href":"https:\/\/linitiative.ca\/International\/wp-json\/wp\/v2\/media?parent=118758"}],"wp:term":[{"taxonomy":"category","embeddable":true,"href":"https:\/\/linitiative.ca\/International\/wp-json\/wp\/v2\/categories?post=118758"},{"taxonomy":"post_tag","embeddable":true,"href":"https:\/\/linitiative.ca\/International\/wp-json\/wp\/v2\/tags?post=118758"}],"curies":[{"name":"wp","href":"https:\/\/api.w.org\/{rel}","templated":true}]}}