{"id":118759,"date":"2021-06-17T15:14:15","date_gmt":"2021-06-17T19:14:15","guid":{"rendered":"https:\/\/linitiative.ca\/International\/afrique-la-can-se-jouera-bien-au-cameroun\/"},"modified":"2021-06-17T15:14:15","modified_gmt":"2021-06-17T19:14:15","slug":"afrique-la-can-se-jouera-bien-au-cameroun","status":"publish","type":"post","link":"https:\/\/linitiative.ca\/International\/afrique-la-can-se-jouera-bien-au-cameroun\/","title":{"rendered":"Afrique : La CAN se jouera bien au Cameroun"},"content":{"rendered":"<div readability=\"32\">\n<p>Auteur : <span class=\"time\">mercredi 16 juin 2021 21:31<\/span><\/p>\n<\/div>\n<div id=\"post_core\" readability=\"41\">\n<p>\u00ab\u00a0La CAN sera organis\u00e9e dans ce magnifique pays [le Cameroun]\u00a0au mois de janvier 2022. C&rsquo;est clair\u00a0\u00bb, a affirm\u00e9 V\u00e9ron Mosengo-Omba, secr\u00e9taire g\u00e9n\u00e9ral de la CAF, en conf\u00e9rence de presse ce mercredi \u00ab\u00a0Je ne veux plus r\u00e9p\u00e9ter \u00e7a\u00a0\u00bb, a-t-il martel\u00e9. Alors que l&rsquo;organisation de la\u00a0pr\u00e9c\u00e9dente CAN lui avait \u00e9t\u00e9 retir\u00e9e\u00a0en raison du retard dans la construction et dans la r\u00e9habilitation\u00a0des stades, le Cameroun semble cette fois pr\u00eat \u00e0 accueillir l&rsquo;\u00e9v\u00e9nement.\u00a0 \u00ab\u00a0Le travail avance tr\u00e8s bien (&#8230;) mais il y a quelques r\u00e9glages \u00e0 faire\u00a0\u00bb,\u00a0 a assur\u00e9 M. Mosengo-Omba comme rapport\u00e9 par Onzemondial.<\/p>\n<p><strong>Publi\u00e9 dans :<\/strong> <span>Cameroun<\/span><\/p>\n<\/div>\n<p>Auteur:<br \/>\n<a href=\"http:\/\/www.lebuteur.com\/article\/detail?titre=la-can-se-jouera-bien-au-cameroun&#038;id=100398&#038;utm_source=feedburner&#038;utm_medium=feed&#038;utm_campaign=Feed%3A+GalerieFArtciles+%28Les+derniers+articles++-+lebuteur.com%29\">Cliquez ici pour lire l&rsquo;article depuis sa source.<\/a><\/p>\n","protected":false},"excerpt":{"rendered":"<p>Auteur : mercredi 16 juin 2021 21:31 \u00ab\u00a0La CAN sera organis\u00e9e dans ce magnifique pays [le Cameroun]\u00a0au mois de janvier 2022. C&rsquo;est clair\u00a0\u00bb, a affirm\u00e9 V\u00e9ron Mosengo-Omba, secr\u00e9taire g\u00e9n\u00e9ral de la CAF, en conf\u00e9rence de presse ce mercredi \u00ab\u00a0Je ne veux plus r\u00e9p\u00e9ter \u00e7a\u00a0\u00bb, a-t-il martel\u00e9. Alors que l&rsquo;organisation de la\u00a0pr\u00e9c\u00e9dente CAN lui avait \u00e9t\u00e9 [&hellip;]<\/p>\n","protected":false},"author":1738,"featured_media":0,"comment_status":"closed","ping_status":"closed","sticky":false,"template":"","format":"standard","meta":{"fifu_image_url":"\/\/cdn.lebuteur.com\/data\/images\/article\/thumbs\/large-la-can-se-jouera-bien-au-cameroun-945aa.jpg","fifu_image_alt":"Afrique : La CAN se jouera bien au Cameroun","footnotes":""},"categories":[53,75],"tags":[],"class_list":["post-118759","post","type-post","status-publish","format-standard","hentry","category-algerie","category-sport"],"_links":{"self":[{"href":"https:\/\/linitiative.ca\/International\/wp-json\/wp\/v2\/posts\/118759","targetHints":{"allow":["GET"]}}],"collection":[{"href":"https:\/\/linitiative.ca\/International\/wp-json\/wp\/v2\/posts"}],"about":[{"href":"https:\/\/linitiative.ca\/International\/wp-json\/wp\/v2\/types\/post"}],"author":[{"embeddable":true,"href":"https:\/\/linitiative.ca\/International\/wp-json\/wp\/v2\/users\/1738"}],"replies":[{"embeddable":true,"href":"https:\/\/linitiative.ca\/International\/wp-json\/wp\/v2\/comments?post=118759"}],"version-history":[{"count":0,"href":"https:\/\/linitiative.ca\/International\/wp-json\/wp\/v2\/posts\/118759\/revisions"}],"wp:attachment":[{"href":"https:\/\/linitiative.ca\/International\/wp-json\/wp\/v2\/media?parent=118759"}],"wp:term":[{"taxonomy":"category","embeddable":true,"href":"https:\/\/linitiative.ca\/International\/wp-json\/wp\/v2\/categories?post=118759"},{"taxonomy":"post_tag","embeddable":true,"href":"https:\/\/linitiative.ca\/International\/wp-json\/wp\/v2\/tags?post=118759"}],"curies":[{"name":"wp","href":"https:\/\/api.w.org\/{rel}","templated":true}]}}