{"id":118762,"date":"2021-06-17T05:46:32","date_gmt":"2021-06-17T09:46:32","guid":{"rendered":"https:\/\/linitiative.ca\/International\/quelles-alliances-pour-quelle-majorite\/"},"modified":"2021-06-17T05:46:32","modified_gmt":"2021-06-17T09:46:32","slug":"quelles-alliances-pour-quelle-majorite","status":"publish","type":"post","link":"https:\/\/linitiative.ca\/International\/quelles-alliances-pour-quelle-majorite\/","title":{"rendered":"Quelles alliances pour quelle majorit\u00e9\u00a0?"},"content":{"rendered":"<h4 class=\"title-14\">Pr\u00e9sidence de l\u2019APN et formation du nouveau gouvernement<\/h4>\n<div class=\"featured_image\"><img loading=\"lazy\" decoding=\"async\" width=\"2000\" height=\"1328\" src=\"https:\/\/www.elwatan.com\/wp-content\/uploads\/2021\/06\/APN.gif\" class=\"attachment-post-thumbnail size-post-thumbnail wp-post-image\" alt=\"\"\/> <span class=\"featured-image-caption\">Photo : H. Ly\u00e8s \/ Si\u00e8ge de l\u2019Assembl\u00e9e populaire nationale (APN)<\/span><\/div>\n<p class=\"p4\"><span class=\"s3\"><strong>En plus du d\u00e9ficit de l\u00e9gitimit\u00e9 qu\u2019elle tra\u00eenera comme un boulet durant tout le mandat, la nouvelle APN butera sur une autre probl\u00e9matique de taille\u00a0: constituer une majorit\u00e9.<\/strong><\/span><\/p>\n<p class=\"p4\"><span class=\"s4\"><strong>L<\/strong><\/span><span class=\"s3\">es r\u00e9sultats provisoires des \u00e9lections l\u00e9gislatives anticip\u00e9es sont d\u00e9sormais connus. Les chiffres communiqu\u00e9s mardi dernier par le pr\u00e9sident de l\u2019Autorit\u00e9 nationale ind\u00e9pendante des \u00e9lections (ANIE), Mohamed Charfi, donnent une future Assembl\u00e9e populaire nationale (APN) mosa\u00efque.<\/span><\/p>\n<p class=\"p7\"><span class=\"s3\">En plus du d\u00e9ficit de l\u00e9gitimit\u00e9 qu\u2019elle tra\u00eenera comme un boulet durant tout le mandat, la nouvelle APN butera sur une autre probl\u00e9matique de taille\u00a0: constituer une majorit\u00e9. Et pour cause, la nouvelle Chambre basse du Parlement n\u2019a pas une couleur politique homog\u00e8ne. Il y a de tout\u00a0: du courant dit \u00abnationaliste\u00bb \u00e0 celui des \u00abislamistes\u00bb en passant bien s\u00fbr par les ind\u00e9pendants qui ne forment pas, eux aussi, un bloc uni.<\/span><\/p>\n<p class=\"p7\"><span class=\"s3\">Contrairement \u00e0 1997, 2002, 2007, 2012 et 2017, la l\u00e9gislature qui commencera dans une quinzaine de jours n\u2019a pas de \u00ableader\u00bb.<\/span><\/p>\n<p class=\"p8\"><strong><span class=\"s3\">105 si\u00e8ges pour le FLN<\/span><\/strong><\/p>\n<p class=\"p7\"><span class=\"s3\">Le FLN, qui a gagn\u00e9 105 si\u00e8ges, reste minoritaire \u00e0 l\u2019APN et il ne pourra pas imposer sa voix devant les 300 d\u00e9put\u00e9s repr\u00e9sentant d\u2019autres partis, dont son fr\u00e8re ennemi le RND, qui est arriv\u00e9 4<sup>e<\/sup> avec 58 si\u00e8ges. Les partis islamistes aussi n\u2019auront pas la possibilit\u00e9 de contr\u00f4ler l\u2019Assembl\u00e9e. Sur les six formations engag\u00e9es dans la comp\u00e9tition \u00e9lectorale, uniquement quatre, en l\u2019occurrence le MSP, El Bina, le FJD et le Front de l\u2019Alg\u00e9rie nouvelle, ont pu obtenir le quitus pour si\u00e9ger \u00e0 l\u2019Assembl\u00e9e. Ils totalisent 107 d\u00e9put\u00e9s, s\u2019ils d\u00e9cident de former une alliance verte.<\/span><\/p>\n<p class=\"p7\"><span class=\"s3\">Ainsi, les \u00abgagnants\u00bb de ces l\u00e9gislatives sont contraints de passer \u00e0 la table des n\u00e9gociations en vue de former des alliances capables de les aider \u00e0 trancher les questions urgentes, dont celle d\u2019\u00e9lire le nouveau pr\u00e9sident de l\u2019APN, les vice-pr\u00e9sidents et les pr\u00e9sidents des commissions. La bataille devrait ainsi \u00eatre rude et le jeu des coulisses devrait faire rage.<\/span><\/p>\n<p class=\"p7\"><span class=\"s3\">Au lendemain de l\u2019annonce des r\u00e9sultats provisoires, certains chefs de parti se disent d\u00e9j\u00e0 pr\u00eats \u00e0 n\u00e9gocier.<\/span><\/p>\n<p class=\"p7\"><span class=\"s3\">C\u2019est le cas du pr\u00e9sident du Front El Moustakbel (48 si\u00e8ges), Abdelaziz Bela\u00efd, qui a laiss\u00e9 entendre que sa formation fera des alliances en fonction des tractations qu\u2019elle m\u00e8nera avec les autres acteurs politiques. Et il est fort probable de voir ce parti s\u2019allier avec le FLN, dont il est issu, et le RND ainsi que, peut \u00eatre, les ind\u00e9pendants pour peser sur la balance. L\u2019autre casse-t\u00eate concerne la formation du prochain gouvernement. Aucun des partis, rappelons-le, n\u2019a soutenu la candidature du pr\u00e9sident Abdelmadjid Tebboune, lors de la pr\u00e9sidentielle du 12 d\u00e9cembre 2019.<\/span><\/p>\n<p class=\"p7\"><span class=\"s3\">Ils ne se sont pas \u00e9galement engag\u00e9s ouvertement \u00e0 soutenir son programme. Mais tous lorgnent d\u00e9j\u00e0 du c\u00f4t\u00e9 de l\u2019Ex\u00e9cutif dans l\u2019espoir d\u2019int\u00e9grer le nouveau gouvernement, devant \u00eatre d\u00e9sign\u00e9 juste apr\u00e8s l\u2019installation de la nouvelle APN. Le chef de l\u2019Etat fera-t-il appel \u00e0 eux\u00a0? Ouvrira-t-il des n\u00e9gociations avec le FLN qui d\u00e9tient une majorit\u00e9 relative et les partis ayant obtenu des scores appr\u00e9ciables pour constituer une nouvelle alliance pr\u00e9sidentielle\u00a0? Wait and see\u2026<\/span><\/p>\n<blockquote readability=\"26\">\n<p class=\"p7\"><strong><span class=\"s1\">Proclamation des r\u00e9sultats d\u00e9finitifs des l\u00e9gislatives :\u00a0<\/span><\/strong><span class=\"s2\"><strong>Le Conseil constitutionnel dispose de dix jours<\/strong><\/span><\/p>\n<p class=\"p13\"><span class=\"s3\">Les r\u00e9sultats d\u00e9finitifs des derni\u00e8res l\u00e9gislatives devront \u00eatre proclam\u00e9s au plus tard jeudi 24 juin. Le Conseil constitutionnel, conform\u00e9ment aux dispositions de la loi \u00e9lectorale, dispose de dix jours apr\u00e8s r\u00e9ception des r\u00e9sultats provisoires pour trancher. \u00abLes r\u00e9sultats d\u00e9finitifs des \u00e9lections l\u00e9gislatives sont arr\u00eat\u00e9s et proclam\u00e9s par la Cour constitutionnelle, au plus tard, dans un d\u00e9lai de dix jours, \u00e0 partir de la date de r\u00e9ception des r\u00e9sultats provisoires arr\u00eat\u00e9s par l\u2019Autorit\u00e9 ind\u00e9pendante.<\/span><\/p>\n<p class=\"p13\"><span class=\"s3\">Ce d\u00e9lai peut, en cas de besoin, \u00eatre prorog\u00e9 de 48 heures par d\u00e9cision du pr\u00e9sident de la Cour constitutionnelle\u00bb, stipule l\u2019article 211 de la loi \u00e9lectorale. Selon le m\u00eame texte, le Conseil constitutionnel doit durant cette p\u00e9riode examiner les recours qui doivent \u00eatre d\u00e9pos\u00e9s par les concern\u00e9s dans les 48 heures qui suivent la proclamation des r\u00e9sultats provisoires. Ainsi, la nouvelle Assembl\u00e9e devra \u00eatre install\u00e9e au plus tard le 28 juin en cours. <em><strong>M. M.<\/strong><\/em><\/span><\/p>\n<\/blockquote>\n<p><span class=\"post-views-label\">Post Views:<\/span> <span class=\"post-views-count\">1\u00a0614<\/span><\/p>\n<p><br class=\"c2\"\/><\/p>\n<div class=\"ichhar-moneytagnative c4\" id=\"ichhar-783926513\">\n<p>Advertisements<\/p>\n<\/div>\n<p><br class=\"c2\"\/><br \/>\n<br class=\"c5\"\/><\/p>\n<p>Auteur: Anis Khecheba<br \/>\n<a href=\"https:\/\/www.elwatan.com\/edition\/actualite\/quelles-alliances-pour-quelle-majorite-17-06-2021\">Cliquez ici pour lire l&rsquo;article depuis sa source.<\/a><\/p>\n","protected":false},"excerpt":{"rendered":"<p>Pr\u00e9sidence de l\u2019APN et formation du nouveau gouvernement Photo : H. Ly\u00e8s \/ Si\u00e8ge de l\u2019Assembl\u00e9e populaire nationale (APN) En plus du d\u00e9ficit de l\u00e9gitimit\u00e9 qu\u2019elle tra\u00eenera comme un boulet durant tout le mandat, la nouvelle APN butera sur une autre probl\u00e9matique de taille\u00a0: constituer une majorit\u00e9. Les r\u00e9sultats provisoires des \u00e9lections l\u00e9gislatives anticip\u00e9es sont [&hellip;]<\/p>\n","protected":false},"author":1743,"featured_media":0,"comment_status":"closed","ping_status":"closed","sticky":false,"template":"","format":"standard","meta":{"fifu_image_url":"https:\/\/www.elwatan.com\/wp-content\/uploads\/2021\/06\/APN.gif","fifu_image_alt":"Quelles alliances pour quelle majorit\u00e9\u00a0?","footnotes":""},"categories":[73,53],"tags":[],"class_list":["post-118762","post","type-post","status-publish","format-standard","hentry","category-actualite","category-algerie"],"_links":{"self":[{"href":"https:\/\/linitiative.ca\/International\/wp-json\/wp\/v2\/posts\/118762","targetHints":{"allow":["GET"]}}],"collection":[{"href":"https:\/\/linitiative.ca\/International\/wp-json\/wp\/v2\/posts"}],"about":[{"href":"https:\/\/linitiative.ca\/International\/wp-json\/wp\/v2\/types\/post"}],"author":[{"embeddable":true,"href":"https:\/\/linitiative.ca\/International\/wp-json\/wp\/v2\/users\/1743"}],"replies":[{"embeddable":true,"href":"https:\/\/linitiative.ca\/International\/wp-json\/wp\/v2\/comments?post=118762"}],"version-history":[{"count":0,"href":"https:\/\/linitiative.ca\/International\/wp-json\/wp\/v2\/posts\/118762\/revisions"}],"wp:attachment":[{"href":"https:\/\/linitiative.ca\/International\/wp-json\/wp\/v2\/media?parent=118762"}],"wp:term":[{"taxonomy":"category","embeddable":true,"href":"https:\/\/linitiative.ca\/International\/wp-json\/wp\/v2\/categories?post=118762"},{"taxonomy":"post_tag","embeddable":true,"href":"https:\/\/linitiative.ca\/International\/wp-json\/wp\/v2\/tags?post=118762"}],"curies":[{"name":"wp","href":"https:\/\/api.w.org\/{rel}","templated":true}]}}