{"id":118766,"date":"2021-06-17T08:04:03","date_gmt":"2021-06-17T12:04:03","guid":{"rendered":"https:\/\/linitiative.ca\/International\/le-general-major-menad-nouba-condamne-a-15-ans-de-reclusion\/"},"modified":"2021-06-17T08:04:03","modified_gmt":"2021-06-17T12:04:03","slug":"le-general-major-menad-nouba-condamne-a-15-ans-de-reclusion","status":"publish","type":"post","link":"https:\/\/linitiative.ca\/International\/le-general-major-menad-nouba-condamne-a-15-ans-de-reclusion\/","title":{"rendered":"Le general major Menad Nouba condamn\u00e9 \u00e0 15 ans de r\u00e9clusion\u00a0"},"content":{"rendered":"<h4 class=\"title-14\">Proc\u00e8s en appel de l\u2019ancien patron de la gendarmerie nationale<\/h4>\n<p>La cour d\u2019appel militaire de Blida a prononc\u00e9, hier mercredi en fin de journ\u00e9e, une peine de 15 ann\u00e9es de r\u00e9clusion criminelle contre l\u2019ancien patron de la gendarmerie nationale, le G\u00e9n\u00e9ral major Menad Nouba, apr\u00e8s avoir \u00e9t\u00e9 reconnu coupable \u00ab d\u2019enrichissement illicite et d\u2019abus de fonction \u00bb.<\/p>\n<p>La cour a confirm\u00e9 ainsi la sentence qui lui a \u00e9t\u00e9 inflig\u00e9e par le tribunal militaire de Blida et assortie la peine de la saisie de tous ses biens immobiliers et fonciers \u00e0 l\u2019exception de la maison familiale. Lors du proc\u00e8s, le repr\u00e9sentant du minist\u00e8re public a requis une peine de 20 ans de r\u00e9clusion et la saisie de tous les biens du mis en cause.<\/p>\n<p><span class=\"post-views-label\">Post Views:<\/span> <span class=\"post-views-count\">3\u00a0193<\/span><\/p>\n<p><br class=\"c2\"\/><\/p>\n<div class=\"ichhar-moneytagnative c4\" id=\"ichhar-102589756\">\n<p>Advertisements<\/p>\n<\/div>\n<p><br class=\"c2\"\/><br \/>\n<br class=\"c5\"\/><\/p>\n<p>Auteur: Mohand Yahiaoui<br \/>\n<a href=\"https:\/\/www.elwatan.com\/edition\/actualite\/le-general-major-menad-nouba-condamne-a-15-ans-de-reclusion-17-06-2021\">Cliquez ici pour lire l&rsquo;article depuis sa source.<\/a><\/p>\n","protected":false},"excerpt":{"rendered":"<p>Proc\u00e8s en appel de l\u2019ancien patron de la gendarmerie nationale La cour d\u2019appel militaire de Blida a prononc\u00e9, hier mercredi en fin de journ\u00e9e, une peine de 15 ann\u00e9es de r\u00e9clusion criminelle contre l\u2019ancien patron de la gendarmerie nationale, le G\u00e9n\u00e9ral major Menad Nouba, apr\u00e8s avoir \u00e9t\u00e9 reconnu coupable \u00ab d\u2019enrichissement illicite et d\u2019abus de [&hellip;]<\/p>\n","protected":false},"author":1743,"featured_media":0,"comment_status":"closed","ping_status":"closed","sticky":false,"template":"","format":"standard","meta":{"fifu_image_url":"","fifu_image_alt":"","footnotes":""},"categories":[73,53],"tags":[],"class_list":["post-118766","post","type-post","status-publish","format-standard","hentry","category-actualite","category-algerie"],"_links":{"self":[{"href":"https:\/\/linitiative.ca\/International\/wp-json\/wp\/v2\/posts\/118766","targetHints":{"allow":["GET"]}}],"collection":[{"href":"https:\/\/linitiative.ca\/International\/wp-json\/wp\/v2\/posts"}],"about":[{"href":"https:\/\/linitiative.ca\/International\/wp-json\/wp\/v2\/types\/post"}],"author":[{"embeddable":true,"href":"https:\/\/linitiative.ca\/International\/wp-json\/wp\/v2\/users\/1743"}],"replies":[{"embeddable":true,"href":"https:\/\/linitiative.ca\/International\/wp-json\/wp\/v2\/comments?post=118766"}],"version-history":[{"count":0,"href":"https:\/\/linitiative.ca\/International\/wp-json\/wp\/v2\/posts\/118766\/revisions"}],"wp:attachment":[{"href":"https:\/\/linitiative.ca\/International\/wp-json\/wp\/v2\/media?parent=118766"}],"wp:term":[{"taxonomy":"category","embeddable":true,"href":"https:\/\/linitiative.ca\/International\/wp-json\/wp\/v2\/categories?post=118766"},{"taxonomy":"post_tag","embeddable":true,"href":"https:\/\/linitiative.ca\/International\/wp-json\/wp\/v2\/tags?post=118766"}],"curies":[{"name":"wp","href":"https:\/\/api.w.org\/{rel}","templated":true}]}}