{"id":118768,"date":"2021-06-17T07:00:00","date_gmt":"2021-06-17T11:00:00","guid":{"rendered":"https:\/\/linitiative.ca\/International\/en-la-personne-de-khalil-ghariani-reelection-de-lutica-au-conseil-dadministration-du-bit\/"},"modified":"2021-06-17T07:00:00","modified_gmt":"2021-06-17T11:00:00","slug":"en-la-personne-de-khalil-ghariani-reelection-de-lutica-au-conseil-dadministration-du-bit","status":"publish","type":"post","link":"https:\/\/linitiative.ca\/International\/en-la-personne-de-khalil-ghariani-reelection-de-lutica-au-conseil-dadministration-du-bit\/","title":{"rendered":"En la personne de Khalil Ghariani, r\u00e9\u00e9lection de l&rsquo;Utica au Conseil d&rsquo;Administration du BIT"},"content":{"rendered":"<p>En marge des travaux du congr\u00e8s de l&rsquo;Organisation Internationale du Travail (OIT) qui s&rsquo;est tenu \u00e0 Gen\u00e8ve, l&rsquo;Utica a \u00e9t\u00e9 r\u00e9\u00e9lue en la personne de <a href=\"https:\/\/www.leaders.com.tn\/article\/10862-khalil-ghariani-le-monsieur-social-de-l-utica\" target=\"_blank\" rel=\"noopener\">M. Kkalil Ghariani<\/a>, membre du Bureau ex\u00e9cutif national de la centrale patronale, membre du Conseil d&rsquo;Administration du BIT pour la p\u00e9riode 2021-2024.<\/p>\n<p>C&rsquo;est le neuvi\u00e8me fois que l&rsquo;Utica se voit confier la responsabilit\u00e9 de membre du Conseil d&rsquo;Administration du BIT. Ce qui refl\u00e8te la consid\u00e9ration dont l&rsquo;Utica jouit sur le plan international et la place particuli\u00e8re que les hommes d&rsquo;affaires tunisiens occupent au niveau du BIT.<\/p>\n<p>Auteur:<br \/>\n<a href=\"https:\/\/www.leaders.com.tn\/article\/32042-reelection-de-l-utica-au-conseil-d-administration-du-bit\">Cliquez ici pour lire l&rsquo;article depuis sa source.<\/a><\/p>\n","protected":false},"excerpt":{"rendered":"<p>En marge des travaux du congr\u00e8s de l&rsquo;Organisation Internationale du Travail (OIT) qui s&rsquo;est tenu \u00e0 Gen\u00e8ve, l&rsquo;Utica a \u00e9t\u00e9 r\u00e9\u00e9lue en la personne de M. Kkalil Ghariani, membre du Bureau ex\u00e9cutif national de la centrale patronale, membre du Conseil d&rsquo;Administration du BIT pour la p\u00e9riode 2021-2024. C&rsquo;est le neuvi\u00e8me fois que l&rsquo;Utica se voit [&hellip;]<\/p>\n","protected":false},"author":1772,"featured_media":0,"comment_status":"closed","ping_status":"closed","sticky":false,"template":"","format":"standard","meta":{"fifu_image_url":"","fifu_image_alt":"","footnotes":""},"categories":[73,55],"tags":[],"class_list":["post-118768","post","type-post","status-publish","format-standard","hentry","category-actualite","category-tunisie"],"_links":{"self":[{"href":"https:\/\/linitiative.ca\/International\/wp-json\/wp\/v2\/posts\/118768","targetHints":{"allow":["GET"]}}],"collection":[{"href":"https:\/\/linitiative.ca\/International\/wp-json\/wp\/v2\/posts"}],"about":[{"href":"https:\/\/linitiative.ca\/International\/wp-json\/wp\/v2\/types\/post"}],"author":[{"embeddable":true,"href":"https:\/\/linitiative.ca\/International\/wp-json\/wp\/v2\/users\/1772"}],"replies":[{"embeddable":true,"href":"https:\/\/linitiative.ca\/International\/wp-json\/wp\/v2\/comments?post=118768"}],"version-history":[{"count":0,"href":"https:\/\/linitiative.ca\/International\/wp-json\/wp\/v2\/posts\/118768\/revisions"}],"wp:attachment":[{"href":"https:\/\/linitiative.ca\/International\/wp-json\/wp\/v2\/media?parent=118768"}],"wp:term":[{"taxonomy":"category","embeddable":true,"href":"https:\/\/linitiative.ca\/International\/wp-json\/wp\/v2\/categories?post=118768"},{"taxonomy":"post_tag","embeddable":true,"href":"https:\/\/linitiative.ca\/International\/wp-json\/wp\/v2\/tags?post=118768"}],"curies":[{"name":"wp","href":"https:\/\/api.w.org\/{rel}","templated":true}]}}