{"id":118770,"date":"2021-06-17T10:30:00","date_gmt":"2021-06-17T14:30:00","guid":{"rendered":"https:\/\/linitiative.ca\/International\/assemblee-generale-ordinaire-ago-meubles-interieurs-exercice-beneficiaire-malgre-la-conjoncture-economique-et-sanitaire\/"},"modified":"2021-06-17T10:30:00","modified_gmt":"2021-06-17T14:30:00","slug":"assemblee-generale-ordinaire-ago-meubles-interieurs-exercice-beneficiaire-malgre-la-conjoncture-economique-et-sanitaire","status":"publish","type":"post","link":"https:\/\/linitiative.ca\/International\/assemblee-generale-ordinaire-ago-meubles-interieurs-exercice-beneficiaire-malgre-la-conjoncture-economique-et-sanitaire\/","title":{"rendered":"Assembl\u00e9e G\u00e9n\u00e9rale Ordinaire (AGO) Meubles int\u00e9rieurs: Exercice b\u00e9n\u00e9ficiaire malgr\u00e9 la conjoncture \u00e9conomique et sanitaire"},"content":{"rendered":"<p>La soci\u00e9t\u00e9 Atelier Du Meuble int\u00e9rieurs informe ses actionnaires de la tenue de son Assembl\u00e9e G\u00e9n\u00e9rale Ordinaire (AGO), le vendredi 18 juin 2021. Dans le cadre du respect des restrictions sanitaires, l\u2019AGO se tiendra par visioconf\u00e9rence. Il s\u2019agira de statuer sur les \u00e9tats financiers de l\u2019exercice 2020 et les rapports des commissaires aux comptes y aff\u00e9rents, \u00e0 l\u2019effet de d\u00e9lib\u00e9rer sur l\u2019ordre du jour suivant:<\/p>\n<p class=\"c3\"><span class=\"c2\"><strong>1-<\/strong><\/span> Lecture du rapport du Conseil d\u2019Administration sur la gestion de la soci\u00e9t\u00e9 et des \u00e9tats financiers individuels pour l\u2019exercice clos le 31 D\u00e9cembre 2020;<\/p>\n<p class=\"c3\"><span class=\"c2\"><strong>2-<\/strong><\/span> Lecture du rapport du Conseil d\u2019Administration sur la gestion du groupe et des \u00e9tats financiers consolid\u00e9s pour l\u2019exercice clos le 31 D\u00e9cembre 202 ;<\/p>\n<p class=\"c3\"><span class=\"c2\"><strong>3-<\/strong><\/span> Lecture des rapports du commissaire aux comptes sur l\u2019ex\u00e9cution de sa mission;<\/p>\n<p class=\"c3\"><span class=\"c2\"><strong>4-<\/strong><\/span> Approbation des rapports du conseil d\u2019administration et des \u00e9tats financiers individuels et consolid\u00e9s pour l\u2019exercice clos le 31\/12\/2020 ;<\/p>\n<p class=\"c3\"><span class=\"c2\"><strong>5-<\/strong><\/span> Approbation des op\u00e9rations et des conventions r\u00e9glement\u00e9es vis\u00e9es par les dispositions des articles 200 et suivants et 475 du code des soci\u00e9t\u00e9s commerciales;<\/p>\n<p class=\"c3\"><span class=\"c2\"><strong>6-<\/strong><\/span> Quitus aux administrateurs pour la gestion 2020;<\/p>\n<p class=\"c3\"><span class=\"c2\"><strong>7-<\/strong><\/span> Affectation des r\u00e9sultats de l\u2019exercice 2020;<\/p>\n<p class=\"c3\"><span class=\"c2\"><strong>8-<\/strong><\/span> Jetons de pr\u00e9sence \u00e0 octroyer aux administrateurs;<\/p>\n<p class=\"c3\"><span class=\"c2\"><strong>9-<\/strong><\/span> Arr\u00eat de la liste des candidats au poste d\u2019administrateur ind\u00e9pendant au conseil d\u2019administration;<\/p>\n<p class=\"c3\"><span class=\"c2\"><strong>10-<\/strong><\/span> D\u00e9l\u00e9gation de pouvoirs pour l\u2019accomplissement des formalit\u00e9s.<\/p>\n<p>Les actionnaires sont appel\u00e9s \u00e0 consulter l\u2019espace Actionnaires de la soci\u00e9t\u00e9 pour visualiser les documents de l\u2019Assembl\u00e9e mis \u00e0 leur disposition et remplir le bulletin de vote.<\/p>\n<p>A l\u2019issue d\u2019une ann\u00e9e mouvement\u00e9e, la soci\u00e9t\u00e9 a su maintenir son exercice b\u00e9n\u00e9ficiaire malgr\u00e9 la conjoncture \u00e9conomique par laquelle passe le pays et la crise pand\u00e9mique mondiale.<br \/>Dans ce cadre, l\u2019AGO proposera une distribution de la totalit\u00e9 des b\u00e9n\u00e9fices en dividendes soit 0,200dt par action.<\/p>\n<p>L\u2019ann\u00e9e 2020 s\u2019est caract\u00e9ris\u00e9e par une r\u00e9gression du chiffre d&rsquo;affaires de 28,77% ce qui a amen\u00e9 les \u00e9quipes \u00e0 s\u2019investir doublement dans la force de vente et la communication. Gr\u00e2ce \u00e0 ces efforts, le carnet des commandes de Meuble Int\u00e9rieurs pour le premier trimestre de 2021 a enregistr\u00e9 ses meilleurs chiffres et promet une ann\u00e9e fructueuse.<\/p>\n<p>Auteur:<br \/>\n<a href=\"https:\/\/www.leaders.com.tn\/article\/32044-assemblee-generale-ordinaire-ago-meubles-interieurs-exercice-beneficiaire-malgre-la-conjoncture-economique-et-sanitaire\">Cliquez ici pour lire l&rsquo;article depuis sa source.<\/a><\/p>\n","protected":false},"excerpt":{"rendered":"<p>La soci\u00e9t\u00e9 Atelier Du Meuble int\u00e9rieurs informe ses actionnaires de la tenue de son Assembl\u00e9e G\u00e9n\u00e9rale Ordinaire (AGO), le vendredi 18 juin 2021. Dans le cadre du respect des restrictions sanitaires, l\u2019AGO se tiendra par visioconf\u00e9rence. Il s\u2019agira de statuer sur les \u00e9tats financiers de l\u2019exercice 2020 et les rapports des commissaires aux comptes y [&hellip;]<\/p>\n","protected":false},"author":1772,"featured_media":0,"comment_status":"closed","ping_status":"closed","sticky":false,"template":"","format":"standard","meta":{"fifu_image_url":"","fifu_image_alt":"","footnotes":""},"categories":[73,55],"tags":[],"class_list":["post-118770","post","type-post","status-publish","format-standard","hentry","category-actualite","category-tunisie"],"_links":{"self":[{"href":"https:\/\/linitiative.ca\/International\/wp-json\/wp\/v2\/posts\/118770","targetHints":{"allow":["GET"]}}],"collection":[{"href":"https:\/\/linitiative.ca\/International\/wp-json\/wp\/v2\/posts"}],"about":[{"href":"https:\/\/linitiative.ca\/International\/wp-json\/wp\/v2\/types\/post"}],"author":[{"embeddable":true,"href":"https:\/\/linitiative.ca\/International\/wp-json\/wp\/v2\/users\/1772"}],"replies":[{"embeddable":true,"href":"https:\/\/linitiative.ca\/International\/wp-json\/wp\/v2\/comments?post=118770"}],"version-history":[{"count":0,"href":"https:\/\/linitiative.ca\/International\/wp-json\/wp\/v2\/posts\/118770\/revisions"}],"wp:attachment":[{"href":"https:\/\/linitiative.ca\/International\/wp-json\/wp\/v2\/media?parent=118770"}],"wp:term":[{"taxonomy":"category","embeddable":true,"href":"https:\/\/linitiative.ca\/International\/wp-json\/wp\/v2\/categories?post=118770"},{"taxonomy":"post_tag","embeddable":true,"href":"https:\/\/linitiative.ca\/International\/wp-json\/wp\/v2\/tags?post=118770"}],"curies":[{"name":"wp","href":"https:\/\/api.w.org\/{rel}","templated":true}]}}