{"id":118771,"date":"2021-06-17T12:14:00","date_gmt":"2021-06-17T16:14:00","guid":{"rendered":"https:\/\/linitiative.ca\/International\/nouvelle-gouvernance-damen-bank-neji-ghandri-president-du-directoire\/"},"modified":"2021-06-17T12:14:00","modified_gmt":"2021-06-17T16:14:00","slug":"nouvelle-gouvernance-damen-bank-neji-ghandri-president-du-directoire","status":"publish","type":"post","link":"https:\/\/linitiative.ca\/International\/nouvelle-gouvernance-damen-bank-neji-ghandri-president-du-directoire\/","title":{"rendered":"Nouvelle gouvernance d&rsquo;Amen Bank: N\u00e9ji Ghandri Pr\u00e9sident du directoire"},"content":{"rendered":"<p>En rejoignant la banque en 1997 puis en si\u00e9geant en 2003 au conseil d\u2019administration de Tunisys, la filiale informatique du groupe Amen Bank, <a href=\"https:\/\/www.leaders.com.tn\/article\/31903-neji-ghandri\" target=\"_blank\" rel=\"noopener\">N\u00e9ji Ghandri<\/a>, ing\u00e9nieur informaticien et enseignant \u00e0 Sup-T\u00e9l\u00e9com, ne se doutait gu\u00e8re de se retrouver, moins de deux d\u00e9cennies plus tard, pr\u00e9sident du directoire de la banque. Longtemps m\u00fbrie \u00e0 la faveur de charges ascendantes, sa promotion s\u2019acc\u00e9l\u00e8rera cette derni\u00e8re ann\u00e9e et le portera \u00e0 la succession du d\u00e9sormais historique <a href=\"https:\/\/www.leaders.com.tn\/article\/31904-ahmed-el-karm\" target=\"_blank\" rel=\"noopener\">Ahmed El Karm<\/a>.<\/p>\n<p>Au sein de la banque, N\u00e9ji Ghandri sera tour \u00e0 tour directeur IT (1997-2012), directeur central de l\u2019organisation et du syst\u00e8me d\u2019information (2009-2013) et membre du directoire (DGA, 2012 &#8211; 2021). Nomm\u00e9 directeur g\u00e9n\u00e9ral en ao\u00fbt dernier, il lui suffira neuf mois \u00e0 ce poste pour qu\u2019il se hisse \u00e0 la pr\u00e9sidence du directoire. Pur produit Amen, ma\u00eetrisant, \u00e0 travers le syst\u00e8me d\u2019information, l\u2019ensemble des articulations, il incarne, au bout de 23 ans, la troisi\u00e8me g\u00e9n\u00e9ration de rel\u00e8ve.<\/p>\n<p><span class=\"c2\"><strong>La nouvelle gouvernance<\/strong><\/span><\/p>\n<p><span class=\"c3\"><strong>Membres du directoire<\/strong><\/span><\/p>\n<p class=\"c5\"><span class=\"c4\"><strong>\u2022<\/strong><\/span> N\u00e9ji Ghandri, pr\u00e9sident<\/p>\n<p class=\"c5\"><span class=\"c4\"><strong>\u2022<\/strong><\/span> Karim Ben Yedder, directeur g\u00e9n\u00e9ral<\/p>\n<p class=\"c5\"><span class=\"c4\"><strong>\u2022<\/strong><\/span> Mehrez Riahi<\/p>\n<p><span class=\"c3\"><strong>Conseil de surveillance<\/strong><\/span><\/p>\n<p class=\"c5\"><span class=\"c4\"><strong>\u2022<\/strong><\/span> Rached Fourati: pr\u00e9sident du Conseil de surveillance<\/p>\n<p class=\"c5\"><span class=\"c4\"><strong>\u2022<\/strong><\/span> Selma Babbou: vice-pr\u00e9sidente, <em>membre<\/em><\/p>\n<p class=\"c5\"><span class=\"c4\"><strong>\u2022<\/strong><\/span> N\u00e9bilBen Yedder<\/p>\n<p class=\"c5\"><span class=\"c4\"><strong>\u2022<\/strong><\/span> Slaheddine Ladjimi<\/p>\n<p class=\"c5\"><span class=\"c4\"><strong>\u2022<\/strong><\/span> Abdelkader Boudriga<\/p>\n<p class=\"c5\"><span class=\"c4\"><strong>\u2022<\/strong><\/span> Ahmed Bouzguenda\u00a0\u00a0\u00a0<\/p>\n<p class=\"c5\"><span class=\"c4\"><strong>\u2022<\/strong><\/span> Rachid Tmar\u00a0\u00a0\u00a0<\/p>\n<p class=\"c5\"><span class=\"c4\"><strong>\u2022<\/strong><\/span> Ahmed El Karm: membre repr\u00e9sentant la <em>PGI<\/em><\/p>\n<p class=\"c5\"><span class=\"c4\"><strong>\u2022<\/strong><\/span> Hakim Ben Yedder: membre repr\u00e9sentant la <em>COMAR<\/em><\/p>\n<p class=\"c5\"><span class=\"c4\"><strong>\u2022<\/strong><\/span> Mohamed Anouar Ben Ammar: membre repr\u00e9sentant <em>PARENIN<\/em><\/p>\n<p class=\"c5\"><span class=\"c4\"><strong>\u2022<\/strong><\/span> Mohammed Alnemah: membre repr\u00e9sentant <em>EKUITY Capital<\/em><\/p>\n<p class=\"c5\"><span class=\"c4\"><strong>\u2022<\/strong><\/span> Khaled Belhiba: membre repr\u00e9sentant le <em>PNEU<\/em><\/p>\n<p><span class=\"c3\"><strong>Comit\u00e9 de nomination et de r\u00e9mun\u00e9ration<\/strong><\/span><\/p>\n<p class=\"c5\"><span class=\"c4\"><strong>\u2022<\/strong><\/span> Rached Fourati, pr\u00e9sident<\/p>\n<p><span class=\"c3\"><strong>Comit\u00e9 d\u2019audit<\/strong><\/span><\/p>\n<p class=\"c5\"><span class=\"c4\"><strong>\u2022<\/strong><\/span> Rachid Tmar, pr\u00e9sident (ind\u00e9pendant)<\/p>\n<p><span class=\"c3\"><strong>Comit\u00e9 des risques<\/strong><\/span><\/p>\n<p class=\"c5\"><span class=\"c4\"><strong>\u2022<\/strong><\/span> Abdelkader Boudriga, pr\u00e9sident (ind\u00e9pendant)<\/p>\n<p><span class=\"c3\"><strong>Repr\u00e9sentant des petits porteurs<\/strong><\/span><\/p>\n<p class=\"c5\"><span class=\"c4\"><strong>\u2022<\/strong><\/span> Ahmed Bouzguenda.<\/p>\n<p><strong>Lire aussi<\/strong><\/p>\n<p><a href=\"https:\/\/www.leaders.com.tn\/article\/32034-bts-bank-nejla-ben-abdallah-presidente-du-conseil-d-administration-et-khalifa-sboui-directeur-general\" target=\"_blank\" rel=\"noopener\">BTS Bank: Nejla Ben Abdallah Pr\u00e9sidente du Conseil d\u2019administration et Khalifa Sboui Directeur g\u00e9n\u00e9ral<\/a><\/p>\n<p><a href=\"https:\/\/www.leaders.com.tn\/article\/32032-bna-bank-nejia-gharbi-presidente-du-conseil-d-administration-et-mondher-lakhal-directeur-general\" target=\"_blank\" rel=\"noopener\">BNA Bank: Nejia Gharbi Pr\u00e9sidente du conseil d\u2019administration et Mondher Lakhal Directeur g\u00e9n\u00e9ral<\/a><\/p>\n<p><a href=\"https:\/\/www.leaders.com.tn\/article\/32027-nouvelle-gouvernance-de-ubci-hassine-doghri-president-du-conseil-d-administration-et-mohamed-koubaa-directeur-general\" target=\"_blank\" rel=\"noopener\">Nouvelle gouvernance de UBCI: Hassine Doghri Pr\u00e9sident du conseil d\u2019administration et Mohamed Koub\u00e2a Directeur g\u00e9n\u00e9ral<\/a><\/p>\n<p><a href=\"https:\/\/www.leaders.com.tn\/article\/32024-chedia-bichiou-directrice-generale-par-interim-de-bank-abc-tunisie-de-nouvelles-performances\" target=\"_blank\" rel=\"noopener\">Ch\u00e9dia Bichiou, Directrice g\u00e9n\u00e9rale par int\u00e9rim de Bank ABC Tunisie: De nouvelles performances<\/a><\/p>\n<p><a href=\"https:\/\/www.leaders.com.tn\/article\/32002-ahmed-el-karm-president-du-conseil-d-administration-de-tunisie-leasing-factoring-les-finances-et-l-art-en-passion\" target=\"_blank\" rel=\"noopener\">Ahmed El Karm, Pr\u00e9sident du conseil d\u2019administration de Tunisie Leasing &amp; Factoring: Les finances et l\u2019art en passion<\/a><\/p>\n<p><a href=\"https:\/\/www.leaders.com.tn\/article\/31994-banques-la-nouvelle-cartographie-en-tunisie\" target=\"_blank\" rel=\"noopener\">Banques : La nouvelle cartographie en Tunisie<\/a><\/p>\n<p>\u00a0<\/p>\n<p>Auteur:<br \/>\n<a href=\"https:\/\/www.leaders.com.tn\/article\/32045-nouvelle-gouvernance-d-amen-bank-neji-ghandri-president-du-directoire\">Cliquez ici pour lire l&rsquo;article depuis sa source.<\/a><\/p>\n","protected":false},"excerpt":{"rendered":"<p>En rejoignant la banque en 1997 puis en si\u00e9geant en 2003 au conseil d\u2019administration de Tunisys, la filiale informatique du groupe Amen Bank, N\u00e9ji Ghandri, ing\u00e9nieur informaticien et enseignant \u00e0 Sup-T\u00e9l\u00e9com, ne se doutait gu\u00e8re de se retrouver, moins de deux d\u00e9cennies plus tard, pr\u00e9sident du directoire de la banque. Longtemps m\u00fbrie \u00e0 la faveur [&hellip;]<\/p>\n","protected":false},"author":1772,"featured_media":0,"comment_status":"closed","ping_status":"closed","sticky":false,"template":"","format":"standard","meta":{"fifu_image_url":"","fifu_image_alt":"","footnotes":""},"categories":[73,55],"tags":[],"class_list":["post-118771","post","type-post","status-publish","format-standard","hentry","category-actualite","category-tunisie"],"_links":{"self":[{"href":"https:\/\/linitiative.ca\/International\/wp-json\/wp\/v2\/posts\/118771","targetHints":{"allow":["GET"]}}],"collection":[{"href":"https:\/\/linitiative.ca\/International\/wp-json\/wp\/v2\/posts"}],"about":[{"href":"https:\/\/linitiative.ca\/International\/wp-json\/wp\/v2\/types\/post"}],"author":[{"embeddable":true,"href":"https:\/\/linitiative.ca\/International\/wp-json\/wp\/v2\/users\/1772"}],"replies":[{"embeddable":true,"href":"https:\/\/linitiative.ca\/International\/wp-json\/wp\/v2\/comments?post=118771"}],"version-history":[{"count":0,"href":"https:\/\/linitiative.ca\/International\/wp-json\/wp\/v2\/posts\/118771\/revisions"}],"wp:attachment":[{"href":"https:\/\/linitiative.ca\/International\/wp-json\/wp\/v2\/media?parent=118771"}],"wp:term":[{"taxonomy":"category","embeddable":true,"href":"https:\/\/linitiative.ca\/International\/wp-json\/wp\/v2\/categories?post=118771"},{"taxonomy":"post_tag","embeddable":true,"href":"https:\/\/linitiative.ca\/International\/wp-json\/wp\/v2\/tags?post=118771"}],"curies":[{"name":"wp","href":"https:\/\/api.w.org\/{rel}","templated":true}]}}