{"id":118773,"date":"2021-06-17T06:00:00","date_gmt":"2021-06-17T10:00:00","guid":{"rendered":"https:\/\/linitiative.ca\/International\/ouadjaout-demande-des-comptes\/"},"modified":"2021-06-17T06:00:00","modified_gmt":"2021-06-17T10:00:00","slug":"ouadjaout-demande-des-comptes","status":"publish","type":"post","link":"https:\/\/linitiative.ca\/International\/ouadjaout-demande-des-comptes\/","title":{"rendered":"Ouadjaout demande des comptes"},"content":{"rendered":"<p class=\"c3\">Les services du minist\u00e8re de l&rsquo;\u00c9ducation nationale s\u2019int\u00e9ressent de pr\u00e8s \u00e0 la gestion des sommes allou\u00e9es pour la restauration des \u00e9l\u00e8ves. Il est demand\u00e9 aux chefs d&rsquo;\u00e9tablissement de fournir rapidement et dans le d\u00e9tail le nombre d\u2019\u00e9l\u00e8ves ayant b\u00e9n\u00e9fici\u00e9 de la demi-pension ou de la pension compl\u00e8te. Il s&rsquo;agit pour le d\u00e9partement de Ouadjaout de v\u00e9rifier si pour cause d&rsquo;adoption du syst\u00e8me de la double vacation cette ann\u00e9e, le nombre des b\u00e9n\u00e9ficiaires a baiss\u00e9 et si les dotations budg\u00e9taires avaient \u00e9t\u00e9 consomm\u00e9es ou pas.<\/p>\n<p>Auteur:<br \/>\n<a href=\"https:\/\/www.lesoirdalgerie.com\/periscoop\/ouadjaout-demande-des-comptes-62917\">Cliquez ici pour lire l&rsquo;article depuis sa source.<\/a><\/p>\n","protected":false},"excerpt":{"rendered":"<p>Les services du minist\u00e8re de l&rsquo;\u00c9ducation nationale s\u2019int\u00e9ressent de pr\u00e8s \u00e0 la gestion des sommes allou\u00e9es pour la restauration des \u00e9l\u00e8ves. Il est demand\u00e9 aux chefs d&rsquo;\u00e9tablissement de fournir rapidement et dans le d\u00e9tail le nombre d\u2019\u00e9l\u00e8ves ayant b\u00e9n\u00e9fici\u00e9 de la demi-pension ou de la pension compl\u00e8te. Il s&rsquo;agit pour le d\u00e9partement de Ouadjaout de [&hellip;]<\/p>\n","protected":false},"author":1741,"featured_media":0,"comment_status":"closed","ping_status":"closed","sticky":false,"template":"","format":"standard","meta":{"fifu_image_url":"","fifu_image_alt":"","footnotes":""},"categories":[73,53],"tags":[],"class_list":["post-118773","post","type-post","status-publish","format-standard","hentry","category-actualite","category-algerie"],"_links":{"self":[{"href":"https:\/\/linitiative.ca\/International\/wp-json\/wp\/v2\/posts\/118773","targetHints":{"allow":["GET"]}}],"collection":[{"href":"https:\/\/linitiative.ca\/International\/wp-json\/wp\/v2\/posts"}],"about":[{"href":"https:\/\/linitiative.ca\/International\/wp-json\/wp\/v2\/types\/post"}],"author":[{"embeddable":true,"href":"https:\/\/linitiative.ca\/International\/wp-json\/wp\/v2\/users\/1741"}],"replies":[{"embeddable":true,"href":"https:\/\/linitiative.ca\/International\/wp-json\/wp\/v2\/comments?post=118773"}],"version-history":[{"count":0,"href":"https:\/\/linitiative.ca\/International\/wp-json\/wp\/v2\/posts\/118773\/revisions"}],"wp:attachment":[{"href":"https:\/\/linitiative.ca\/International\/wp-json\/wp\/v2\/media?parent=118773"}],"wp:term":[{"taxonomy":"category","embeddable":true,"href":"https:\/\/linitiative.ca\/International\/wp-json\/wp\/v2\/categories?post=118773"},{"taxonomy":"post_tag","embeddable":true,"href":"https:\/\/linitiative.ca\/International\/wp-json\/wp\/v2\/tags?post=118773"}],"curies":[{"name":"wp","href":"https:\/\/api.w.org\/{rel}","templated":true}]}}