{"id":118775,"date":"2021-06-17T06:00:00","date_gmt":"2021-06-17T10:00:00","guid":{"rendered":"https:\/\/linitiative.ca\/International\/ces-chiffres-qui-moi-minteressent\/"},"modified":"2021-06-17T06:00:00","modified_gmt":"2021-06-17T10:00:00","slug":"ces-chiffres-qui-moi-minteressent","status":"publish","type":"post","link":"https:\/\/linitiative.ca\/International\/ces-chiffres-qui-moi-minteressent\/","title":{"rendered":"Ces chiffres qui, moi, m\u2019int\u00e9ressent !"},"content":{"rendered":"<p class=\"c3\">Les \u00ab ind\u00e9pendants \u00bb victorieux aux l\u00e9gislatives se sont aussit\u00f4t r\u00e9unis et mis au travail dans leurs\u2026<\/p>\n<p class=\"c3\"><strong>\u2026 kasmas et mouhafadhates !\u00a0<\/strong><\/p>\n<p class=\"c3\">23,03% de participation au taux de\u2026 change officiel. Plus de 70% d\u2019abstention. Contrairement \u00e0 Djidji, moi, \u00e7a m\u2019int\u00e9resse. Parce qu\u2019entre un palais et ses douves et caves retranch\u00e9s et une mar\u00e9e humaine en col\u00e8re, y a pas photo dans ma compr\u00e9hension de la d\u00e9mocratie. Et dans cette compr\u00e9hension, un quartier ne peut pas se suffire des fortifications qu\u2019il aura \u00e9rig\u00e9es autour et aux abords imm\u00e9diats de ses r\u00e9sidences, sans s\u2019int\u00e9resser \u00e0 la \u00ab masse \u00bb qui dit \u00ab non \u00bb ! Ce n\u2019est pas une position politique. Ce n\u2019est pas une analyse fine ou puis\u00e9e dans quelque philosophisme \u00ab embedded \u00bb, embarqu\u00e9. C\u2019est juste que le peu de neurones qui me restent arrivent encore \u00e0 me dicter qu\u2019un Pr\u00e9sident pr\u00e9side d\u2019abord et avant tout un pays, un peuple, et pas un fan-club ou une association de groupies. On ne peut pas faire comme si ! Venir annoncer ces chiffres et passer \u00e0 autre chose. L\u2019autisme ne construit pas une Nation. Il en creuse la tombe aussi s\u00fbrement que la surdit\u00e9 emp\u00eache d\u2019entendre les clameurs sous les balcons du Palais. On ne peut pas non plus reformer, reconstruire une Alliance morte, effondr\u00e9e alors qu\u2019on a plac\u00e9 sa campagne pr\u00e9sidentielle, ses premiers discours, ses conf\u00e9rences de presse et ses interviews \u00e0 la presse sous le signe du changement. Il y a du Docteur Frankenstein dans cette d\u00e9marche ! Des corps politiquement morts ont \u00e9t\u00e9 d\u00e9terr\u00e9s du cimeti\u00e8re, ont \u00e9t\u00e9 amen\u00e9s dans le laboratoire et recousus du corps et de la bouche, leur permettant aujourd\u2019hui de ressortir au grand jour sans craindre les rayons du soleil, plastronnant malgr\u00e9 les gros bubons sur leurs visages, les scarifications du temps implacable sur leurs membres et l\u2019envie \u00e0 peine dissimul\u00e9e de se remettre ensemble, entre zombies, pour hanter nos jours et nos nuits de nuisances. L\u2019accumulation effrayante des signaux que rien ne change va finir par provoquer un ph\u00e9nom\u00e8ne connu de tous les bons architectes : l\u2019accroissement de la pression sur les murs des fortifications. Tout corps de b\u00e2timent, tout corps tout court a une capacit\u00e9 chiffr\u00e9e \u00e0 r\u00e9sister un temps \u00e0 cette pression. Et le chiffre de 23,03% est tout sauf un indicateur que les fortifications tiendront. Je vous avais pr\u00e9venus ! Ce n\u2019est pas une fine analyse. Mais juste l\u2019avis d\u2019un ma\u00e7on du dimanche. Ou plut\u00f4t des vendredis de la col\u00e8re r\u00e9anim\u00e9e ! Je fume du th\u00e9 et je reste \u00e9veill\u00e9, le cauchemar continue.<br \/><em><strong>H. L.<\/strong><\/em><\/p>\n<p>Auteur:<br \/>\n<a href=\"https:\/\/www.lesoirdalgerie.com\/pousse-avec-eux\/ces-chiffres-qui-moi-minteressent-62915\">Cliquez ici pour lire l&rsquo;article depuis sa source.<\/a><\/p>\n","protected":false},"excerpt":{"rendered":"<p>Les \u00ab ind\u00e9pendants \u00bb victorieux aux l\u00e9gislatives se sont aussit\u00f4t r\u00e9unis et mis au travail dans leurs\u2026 \u2026 kasmas et mouhafadhates !\u00a0 23,03% de participation au taux de\u2026 change officiel. Plus de 70% d\u2019abstention. Contrairement \u00e0 Djidji, moi, \u00e7a m\u2019int\u00e9resse. Parce qu\u2019entre un palais et ses douves et caves retranch\u00e9s et une mar\u00e9e humaine en [&hellip;]<\/p>\n","protected":false},"author":1741,"featured_media":0,"comment_status":"closed","ping_status":"closed","sticky":false,"template":"","format":"standard","meta":{"fifu_image_url":"","fifu_image_alt":"","footnotes":""},"categories":[73,53],"tags":[],"class_list":["post-118775","post","type-post","status-publish","format-standard","hentry","category-actualite","category-algerie"],"_links":{"self":[{"href":"https:\/\/linitiative.ca\/International\/wp-json\/wp\/v2\/posts\/118775","targetHints":{"allow":["GET"]}}],"collection":[{"href":"https:\/\/linitiative.ca\/International\/wp-json\/wp\/v2\/posts"}],"about":[{"href":"https:\/\/linitiative.ca\/International\/wp-json\/wp\/v2\/types\/post"}],"author":[{"embeddable":true,"href":"https:\/\/linitiative.ca\/International\/wp-json\/wp\/v2\/users\/1741"}],"replies":[{"embeddable":true,"href":"https:\/\/linitiative.ca\/International\/wp-json\/wp\/v2\/comments?post=118775"}],"version-history":[{"count":0,"href":"https:\/\/linitiative.ca\/International\/wp-json\/wp\/v2\/posts\/118775\/revisions"}],"wp:attachment":[{"href":"https:\/\/linitiative.ca\/International\/wp-json\/wp\/v2\/media?parent=118775"}],"wp:term":[{"taxonomy":"category","embeddable":true,"href":"https:\/\/linitiative.ca\/International\/wp-json\/wp\/v2\/categories?post=118775"},{"taxonomy":"post_tag","embeddable":true,"href":"https:\/\/linitiative.ca\/International\/wp-json\/wp\/v2\/tags?post=118775"}],"curies":[{"name":"wp","href":"https:\/\/api.w.org\/{rel}","templated":true}]}}