{"id":118778,"date":"2021-06-17T05:27:33","date_gmt":"2021-06-17T09:27:33","guid":{"rendered":"https:\/\/linitiative.ca\/International\/ram-nouveaux-vols-additionnels-en-provenance-de-8-villes-europeennes\/"},"modified":"2021-06-17T05:27:33","modified_gmt":"2021-06-17T09:27:33","slug":"ram-nouveaux-vols-additionnels-en-provenance-de-8-villes-europeennes","status":"publish","type":"post","link":"https:\/\/linitiative.ca\/International\/ram-nouveaux-vols-additionnels-en-provenance-de-8-villes-europeennes\/","title":{"rendered":"RAM. Nouveaux vols additionnels en provenance de 8 villes europ\u00e9ennes"},"content":{"rendered":"<p><strong>La compagnie a\u00e9rienne nationale vient d\u2019annoncer qu\u2019elle proc\u00e8dera au lancement des vols additionnels au d\u00e9part de l\u2019Europe.<\/strong><\/p>\n<div class=\"c10\">\n<\/div>\n<p>Suite \u00e0 la saturation des vols en provenance de plusieurs pays europ\u00e9ens, <a rel=\"noreferrer noopener\" href=\"https:\/\/www.royalairmaroc.com\/int\/\" target=\"_blank\">Royal Air Maroc<\/a> a annonc\u00e9 le lancement de vols additionnels au d\u00e9part de 4 pays de ce continent. Il s\u2019agit de la France, la Belgique, les Pays-Bas et l\u2019Allemagne.<\/p>\n<div id=\"div-gpt-ad-1623665508737-0\" class=\"c11\">\n<\/div>\n<blockquote class=\"twitter-tweet\">\n<p dir=\"ltr\" lang=\"fr\" xml:lang=\"fr\">Lancement imminent de vols additionnels: Bruxelles, Paris, Francfort, Amsterdam, Marseille, Toulouse, Bordeaux et Lyon<\/p>\n<p>\u2014 Royal Air Maroc (@RAM_Maroc) <a href=\"https:\/\/twitter.com\/RAM_Maroc\/status\/1405450785199112199?ref_src=twsrc%5Etfw\">June 17, 2021<\/a><\/p><\/blockquote>\n<p>Ces vols concernent Bruxelles, Paris, Francfort, Amsterdam, Marseille, Toulouse, Bordeaux et Lyon. Ils sont programm\u00e9s pendant les semaines du 29 juillet au 4 ao\u00fbt et 2 septembre au 08 septembre 2021. La RAM pr\u00e9voit \u00e9galement d\u2019inclure Milan au sein de ce dispositif sp\u00e9cial.<\/p>\n<div id=\"div-gpt-ad-1623666116734-0\" class=\"c11\">\n<\/div>\n<p>Auteur: Karim Handaoui<br \/>\n<a href=\"https:\/\/www.challenge.ma\/ram-nouveaux-vols-additionnels-en-provenance-de-8-villes-europeennes-188824\/\">Cliquez ici pour lire l&rsquo;article depuis sa source.<\/a><\/p>\n","protected":false},"excerpt":{"rendered":"<p>La compagnie a\u00e9rienne nationale vient d\u2019annoncer qu\u2019elle proc\u00e8dera au lancement des vols additionnels au d\u00e9part de l\u2019Europe. Suite \u00e0 la saturation des vols en provenance de plusieurs pays europ\u00e9ens, Royal Air Maroc a annonc\u00e9 le lancement de vols additionnels au d\u00e9part de 4 pays de ce continent. Il s\u2019agit de la France, la Belgique, les [&hellip;]<\/p>\n","protected":false},"author":1787,"featured_media":0,"comment_status":"closed","ping_status":"closed","sticky":false,"template":"","format":"standard","meta":{"fifu_image_url":"","fifu_image_alt":"","footnotes":""},"categories":[78,54],"tags":[],"class_list":["post-118778","post","type-post","status-publish","format-standard","hentry","category-economie","category-maroc"],"_links":{"self":[{"href":"https:\/\/linitiative.ca\/International\/wp-json\/wp\/v2\/posts\/118778","targetHints":{"allow":["GET"]}}],"collection":[{"href":"https:\/\/linitiative.ca\/International\/wp-json\/wp\/v2\/posts"}],"about":[{"href":"https:\/\/linitiative.ca\/International\/wp-json\/wp\/v2\/types\/post"}],"author":[{"embeddable":true,"href":"https:\/\/linitiative.ca\/International\/wp-json\/wp\/v2\/users\/1787"}],"replies":[{"embeddable":true,"href":"https:\/\/linitiative.ca\/International\/wp-json\/wp\/v2\/comments?post=118778"}],"version-history":[{"count":0,"href":"https:\/\/linitiative.ca\/International\/wp-json\/wp\/v2\/posts\/118778\/revisions"}],"wp:attachment":[{"href":"https:\/\/linitiative.ca\/International\/wp-json\/wp\/v2\/media?parent=118778"}],"wp:term":[{"taxonomy":"category","embeddable":true,"href":"https:\/\/linitiative.ca\/International\/wp-json\/wp\/v2\/categories?post=118778"},{"taxonomy":"post_tag","embeddable":true,"href":"https:\/\/linitiative.ca\/International\/wp-json\/wp\/v2\/tags?post=118778"}],"curies":[{"name":"wp","href":"https:\/\/api.w.org\/{rel}","templated":true}]}}