{"id":118780,"date":"2021-06-17T10:26:48","date_gmt":"2021-06-17T14:26:48","guid":{"rendered":"https:\/\/linitiative.ca\/International\/maroc-la-nouvelle-gamme-de-volvo-trucks-desormais-disponible\/"},"modified":"2021-06-17T10:26:48","modified_gmt":"2021-06-17T14:26:48","slug":"maroc-la-nouvelle-gamme-de-volvo-trucks-desormais-disponible","status":"publish","type":"post","link":"https:\/\/linitiative.ca\/International\/maroc-la-nouvelle-gamme-de-volvo-trucks-desormais-disponible\/","title":{"rendered":"Maroc. La nouvelle gamme de Volvo Trucks d\u00e9sormais disponible"},"content":{"rendered":"<p><strong>Du nouveau chez Volvo Maroc ! L\u2019importateur des v\u00e9hicules lourds du constructeur su\u00e9dois capitalise sur sa nouvelle famille d\u2019engins. G\u00e9n\u00e9ralement affect\u00e9s aux transports nationaux et internationaux, les gammes FH et FM ont amorc\u00e9 depuis peu leur commercialisation\u00a0; idem pour la gamme FMX d\u00e9di\u00e9e aux op\u00e9rateurs \u00e9voluant dans le<\/strong> <strong>secteur de la construction.<\/strong><\/p>\n<div class=\"c10\">\n<\/div>\n<p>Ces nouveaux\u00a0mod\u00e8les ont \u00e9t\u00e9 d\u00e9velopp\u00e9s, selon le staff de Volvo Trucks, avec plusieurs objectifs pr\u00e9cis afin de satisfaire la client\u00e8le professionnelle. Des objectifs qui s\u2019articulent autour de l\u2019am\u00e9lioration de l\u2019environnement du conducteur, mais aussi autour de la s\u00e9curit\u00e9 et de la productivit\u00e9 que procurent ces v\u00e9hicules, afin qu\u2019ils soient encore plus efficaces et toujours aussi respectueux de l\u2019environnement.<\/p>\n<div id=\"div-gpt-ad-1623665508737-0\" class=\"c11\">\n<\/div>\n<p>Des qualit\u00e9s en mati\u00e8re de conception, de robustesse et de technologie que n\u2019a pas manqu\u00e9 de souligner Fernando Bernab\u00e9 Garcia, Directeur g\u00e9n\u00e9ral de Volvo Maroc \u00e0 l\u2019occasion d\u2019une conf\u00e9rence de presse. \u00abNous avons introduit simultan\u00e9ment une gamme compos\u00e9e de quatre camions et avons \u00e0 c\u0153ur de proposer \u00e0 notre client\u00e8le des camions tr\u00e8s efficaces, en termes de confort, polyvalence d\u2019utilisation, d\u2019exploitation quotidienne, de durabilit\u00e9 et \u00e0 m\u00eame d\u2019afficher des consommations basses en termes de carburant\u00bb, a-t-il pr\u00e9cis\u00e9.<\/p>\n<p><strong>Lire aussi |<\/strong> <a href=\"https:\/\/www.challenge.ma\/ram-nouveaux-vols-additionnels-en-provenance-de-8-villes-europeennes-188824\/\">RAM : nouveaux vols additionnels en provenance de 8 villes europ\u00e9ennes<\/a><\/p>\n<p>Une gamme in\u00e9dite de v\u00e9hicules qui s\u2019articule notamment autour du Volvo FH. Ce dernier dispose d\u2019un design sophistiqu\u00e9 et de technologies intelligentes. Par ailleurs, il met l\u2019accent\u00a0 sur le confort r\u00e9serv\u00e9 au conducteur\u00a0; de quoi s\u00e9duire des professionnels qualifi\u00e9s. Pr\u00e9cis\u00e9ment, la cabine offre \u00e0 ses occupants un environnement de travail soign\u00e9, confortable et surtout tr\u00e8s ergonomique. S\u2019agissant des versions FH Euro 6 \u00e9quip\u00e9es de la technologie \u00abTurbo Compound\u00bb, elles offrent un gain significatif en termes de couple, ainsi qu\u2019une baisse significative en mati\u00e8re de consommation de carburant.<\/p>\n<figure class=\"wp-block-image size-large is-resized\"><img decoding=\"async\" loading=\"lazy\" src=\"https:\/\/www.challenge.ma\/wp-content\/uploads\/2021\/06\/Patrons-Volvo-Trucks-1024x681.jpeg\" alt=\"\" class=\"wp-image-188866\" width=\"778\" height=\"517\" srcset=\"https:\/\/www.challenge.ma\/wp-content\/uploads\/2021\/06\/Patrons-Volvo-Trucks-1024x681.jpeg 1024w, https:\/\/www.challenge.ma\/wp-content\/uploads\/2021\/06\/Patrons-Volvo-Trucks-300x199.jpeg 300w, https:\/\/www.challenge.ma\/wp-content\/uploads\/2021\/06\/Patrons-Volvo-Trucks-768x511.jpeg 768w, https:\/\/www.challenge.ma\/wp-content\/uploads\/2021\/06\/Patrons-Volvo-Trucks-360x239.jpeg 360w, https:\/\/www.challenge.ma\/wp-content\/uploads\/2021\/06\/Patrons-Volvo-Trucks-750x499.jpeg 750w, https:\/\/www.challenge.ma\/wp-content\/uploads\/2021\/06\/Patrons-Volvo-Trucks.jpeg 1280w\" sizes=\"auto, (max-width: 778px) 100vw, 778px\"\/><figcaption>Fernando Bernab\u00e9 Garcia, Directeur g\u00e9n\u00e9ral et Reda Bouazzaoui, Directeur commercial, tous deux de Volvo Maroc. \u00a0<\/figcaption><\/figure>\n<p>S\u2019agissant du Volvo FM, il s\u2019est vu d\u00e9cern\u00e9 le \u00abRed Dot Award 2021\u00bb dans la cat\u00e9gorie design pour les v\u00e9hicules commerciaux. Une distinction que le constructeur doit \u00e0 son bureau de design qui, pour l\u2019occasion, a jou\u00e9 la carte de l\u2019innovation. Par ailleurs, la cabine a fait l\u2019objet de toutes les attentions, de mani\u00e8re \u00e0 en faire le meilleur bureau mobile du segment. Au final, l\u2019engin qui mise sur sa polyvalence d\u2019utilisation se montre agile, spacieux et, avant tout, s\u00fbr et confortable pour tous les conducteurs.<\/p>\n<p><strong>Lire aussi |<\/strong> <a href=\"https:\/\/www.challenge.ma\/voitures-hybrides-et-electriques-14-modeles-pour-rouler-propre-188107\/\">Voitures hybrides et \u00e9lectriques : 14 mod\u00e8les pour rouler \u00abpropre\u00bb<\/a><\/p>\n<p>Reste le Volvo FMX\u00a0 qui a fait, lui aussi, l\u2019objet de toutes les attentions lors de cette conf\u00e9rence de presse. Comme l\u2019a expliqu\u00e9 au cours de cette conf\u00e9rence Reda Bouazzaoui, Directeur commercial de Volvo Maroc, \u00abce tracteur dispose d\u2019une chaine cin\u00e9matique optimis\u00e9e pour des conditions extr\u00eames. Gr\u00e2ce \u00e0 son nouveau moteur de 460 chevaux et \u00e0 sa boite de vitesse \u00abI-Shift\u00bb, il peut faire face aux conditions de conduite les plus difficiles et aux t\u00e2ches les plus exigeantes\u00bb.<\/p>\n<p>Faut-il pr\u00e9ciser que le nouveau Volvo FMX8x4 est \u00e9quip\u00e9 d\u2019un ch\u00e2ssis plus r\u00e9sistant qui lui permet d\u2019atteindre un poids total en charge de 51 tonnes en version standard et qui peut friser en option les 56 tonnes. \u00c0 noter, que sur les applications de transports sp\u00e9ciaux, le poids total roulant autoris\u00e9 peut d\u00e9passer les 150 tonnes, maximisant ainsi la productivit\u00e9 de l\u2019engin pour le plus grand b\u00e9n\u00e9fice de son propri\u00e9taire.<\/p>\n<div id=\"div-gpt-ad-1623666116734-0\" class=\"c11\">\n<\/div>\n<p>Auteur: David J\u00e9r\u00e9mie<br \/>\n<a href=\"https:\/\/www.challenge.ma\/maroc-la-nouvelle-gamme-de-volvo-trucks-desormais-disponible-188864\/\">Cliquez ici pour lire l&rsquo;article depuis sa source.<\/a><\/p>\n","protected":false},"excerpt":{"rendered":"<p>Du nouveau chez Volvo Maroc ! L\u2019importateur des v\u00e9hicules lourds du constructeur su\u00e9dois capitalise sur sa nouvelle famille d\u2019engins. G\u00e9n\u00e9ralement affect\u00e9s aux transports nationaux et internationaux, les gammes FH et FM ont amorc\u00e9 depuis peu leur commercialisation\u00a0; idem pour la gamme FMX d\u00e9di\u00e9e aux op\u00e9rateurs \u00e9voluant dans le secteur de la construction. Ces nouveaux\u00a0mod\u00e8les ont [&hellip;]<\/p>\n","protected":false},"author":1787,"featured_media":0,"comment_status":"closed","ping_status":"closed","sticky":false,"template":"","format":"standard","meta":{"fifu_image_url":"https:\/\/www.challenge.ma\/wp-content\/uploads\/2021\/06\/Patrons-Volvo-Trucks-1024x681.jpeg","fifu_image_alt":"Maroc. La nouvelle gamme de Volvo Trucks d\u00e9sormais disponible","footnotes":""},"categories":[78,54],"tags":[],"class_list":["post-118780","post","type-post","status-publish","format-standard","hentry","category-economie","category-maroc"],"_links":{"self":[{"href":"https:\/\/linitiative.ca\/International\/wp-json\/wp\/v2\/posts\/118780","targetHints":{"allow":["GET"]}}],"collection":[{"href":"https:\/\/linitiative.ca\/International\/wp-json\/wp\/v2\/posts"}],"about":[{"href":"https:\/\/linitiative.ca\/International\/wp-json\/wp\/v2\/types\/post"}],"author":[{"embeddable":true,"href":"https:\/\/linitiative.ca\/International\/wp-json\/wp\/v2\/users\/1787"}],"replies":[{"embeddable":true,"href":"https:\/\/linitiative.ca\/International\/wp-json\/wp\/v2\/comments?post=118780"}],"version-history":[{"count":0,"href":"https:\/\/linitiative.ca\/International\/wp-json\/wp\/v2\/posts\/118780\/revisions"}],"wp:attachment":[{"href":"https:\/\/linitiative.ca\/International\/wp-json\/wp\/v2\/media?parent=118780"}],"wp:term":[{"taxonomy":"category","embeddable":true,"href":"https:\/\/linitiative.ca\/International\/wp-json\/wp\/v2\/categories?post=118780"},{"taxonomy":"post_tag","embeddable":true,"href":"https:\/\/linitiative.ca\/International\/wp-json\/wp\/v2\/tags?post=118780"}],"curies":[{"name":"wp","href":"https:\/\/api.w.org\/{rel}","templated":true}]}}