{"id":118781,"date":"2021-06-17T11:23:53","date_gmt":"2021-06-17T15:23:53","guid":{"rendered":"https:\/\/linitiative.ca\/International\/evolution-du-coronavirus-au-maroc-468-nouveaux-cas-525-443-au-total-jeudi-17-juin-2021-a-16-heures\/"},"modified":"2021-06-17T11:23:53","modified_gmt":"2021-06-17T15:23:53","slug":"evolution-du-coronavirus-au-maroc-468-nouveaux-cas-525-443-au-total-jeudi-17-juin-2021-a-16-heures","status":"publish","type":"post","link":"https:\/\/linitiative.ca\/International\/evolution-du-coronavirus-au-maroc-468-nouveaux-cas-525-443-au-total-jeudi-17-juin-2021-a-16-heures\/","title":{"rendered":"\u00c9volution du coronavirus au Maroc : 468 nouveaux cas, 525.443 au total, jeudi 17 juin 2021 \u00e0 16 heures"},"content":{"rendered":"<p><strong>468 nouveaux cas d\u2019infection au coronavirus ont \u00e9t\u00e9 confirm\u00e9s au Maroc durant les derni\u00e8res 24h, portant le nombre total de cas de contamination \u00e0<\/strong>\u00a0<strong>525.443, a annonc\u00e9 le minist\u00e8re de la Sant\u00e9.\u00a0Le nombre de personnes d\u00e9clar\u00e9es gu\u00e9ries\u00a0s\u2019est \u00e9lev\u00e9 \u00e0 512.487<\/strong> <strong>avec 390<\/strong> <strong>r\u00e9missions suppl\u00e9mentaires, alors que le nombre de d\u00e9c\u00e8s a \u00e9t\u00e9 port\u00e9 \u00e0 9225<\/strong> <strong>avec<\/strong>\u00a0<strong>4 nouveaux morts.<\/strong><\/p>\n<div class=\"c10\">\n<\/div>\n<p><strong>Lire aussi |<\/strong> <a rel=\"noreferrer noopener\" aria-label=\"Ce que vous devez savoir sur le coronavirus (opens in a new tab)\" href=\"https:\/\/www.challenge.ma\/ce-que-vous-devez-savoir-sur-le-coronavirus-134568\/\" target=\"_blank\"><strong>Ce que vous devez savoir sur le coronavirus<\/strong><\/a><\/p>\n<div id=\"div-gpt-ad-1623665508737-0\" class=\"c11\">\n<\/div>\n<div id=\"div-gpt-ad-1623666116734-0\" class=\"c11\">\n<\/div>\n<p>Auteur: Karim Handaoui<br \/>\n<a href=\"https:\/\/www.challenge.ma\/evolution-du-coronavirus-au-maroc-468-nouveaux-cas-525-443-au-total-jeudi-17-juin-2021-a-16-heures-188852\/\">Cliquez ici pour lire l&rsquo;article depuis sa source.<\/a><\/p>\n","protected":false},"excerpt":{"rendered":"<p>468 nouveaux cas d\u2019infection au coronavirus ont \u00e9t\u00e9 confirm\u00e9s au Maroc durant les derni\u00e8res 24h, portant le nombre total de cas de contamination \u00e0\u00a0525.443, a annonc\u00e9 le minist\u00e8re de la Sant\u00e9.\u00a0Le nombre de personnes d\u00e9clar\u00e9es gu\u00e9ries\u00a0s\u2019est \u00e9lev\u00e9 \u00e0 512.487 avec 390 r\u00e9missions suppl\u00e9mentaires, alors que le nombre de d\u00e9c\u00e8s a \u00e9t\u00e9 port\u00e9 \u00e0 9225 avec\u00a04 [&hellip;]<\/p>\n","protected":false},"author":1787,"featured_media":0,"comment_status":"closed","ping_status":"closed","sticky":false,"template":"","format":"standard","meta":{"fifu_image_url":"","fifu_image_alt":"","footnotes":""},"categories":[78,54],"tags":[],"class_list":["post-118781","post","type-post","status-publish","format-standard","hentry","category-economie","category-maroc"],"_links":{"self":[{"href":"https:\/\/linitiative.ca\/International\/wp-json\/wp\/v2\/posts\/118781","targetHints":{"allow":["GET"]}}],"collection":[{"href":"https:\/\/linitiative.ca\/International\/wp-json\/wp\/v2\/posts"}],"about":[{"href":"https:\/\/linitiative.ca\/International\/wp-json\/wp\/v2\/types\/post"}],"author":[{"embeddable":true,"href":"https:\/\/linitiative.ca\/International\/wp-json\/wp\/v2\/users\/1787"}],"replies":[{"embeddable":true,"href":"https:\/\/linitiative.ca\/International\/wp-json\/wp\/v2\/comments?post=118781"}],"version-history":[{"count":0,"href":"https:\/\/linitiative.ca\/International\/wp-json\/wp\/v2\/posts\/118781\/revisions"}],"wp:attachment":[{"href":"https:\/\/linitiative.ca\/International\/wp-json\/wp\/v2\/media?parent=118781"}],"wp:term":[{"taxonomy":"category","embeddable":true,"href":"https:\/\/linitiative.ca\/International\/wp-json\/wp\/v2\/categories?post=118781"},{"taxonomy":"post_tag","embeddable":true,"href":"https:\/\/linitiative.ca\/International\/wp-json\/wp\/v2\/tags?post=118781"}],"curies":[{"name":"wp","href":"https:\/\/api.w.org\/{rel}","templated":true}]}}