{"id":118782,"date":"2021-06-17T15:50:04","date_gmt":"2021-06-17T19:50:04","guid":{"rendered":"https:\/\/linitiative.ca\/International\/arp-election-des-membres-de-la-cour-constitutionnelle-prevue-a-partir-de-cette-date\/"},"modified":"2021-06-17T15:50:04","modified_gmt":"2021-06-17T19:50:04","slug":"arp-election-des-membres-de-la-cour-constitutionnelle-prevue-a-partir-de-cette-date","status":"publish","type":"post","link":"https:\/\/linitiative.ca\/International\/arp-election-des-membres-de-la-cour-constitutionnelle-prevue-a-partir-de-cette-date\/","title":{"rendered":"ARP : Election des membres de la Cour Constitutionnelle pr\u00e9vue \u00e0 partir de cette date"},"content":{"rendered":"<div class=\"post-cont-in left relative\">\n<div id=\"post-info-wrap\" class=\"left relative post-info-out\">\n<div class=\"post-info-img left relative\"><img decoding=\"async\" alt=\"\" src=\"https:\/\/secure.gravatar.com\/avatar\/ea481d7287ad38ca1787f44b5bb1b70e?s=50&amp;d=mm&amp;r=g\" srcset=\"https:\/\/secure.gravatar.com\/avatar\/ea481d7287ad38ca1787f44b5bb1b70e?s=100&amp;d=mm&amp;r=g 2x\" class=\"avatar avatar-50 photo\" height=\"50\" width=\"50\" loading=\"lazy\"\/><\/div>\n<div class=\"post-info-in post-info-right left relative post-info-name left relative\"><span><span class=\"post-info-text\">Par<\/span> <span class=\"author-name vcard fn author\"><a href=\"https:\/\/www.tunisienumerique.com\/author\/rania-ben-slimane\/\" title=\"Articles par rania ben slimane\" rel=\"author\">rania ben slimane<\/a><\/span><\/span> <span class=\"post-date updated\"><time class=\"post-date updated\" datetime=\"2021-06-17\">\u00a0| Il y a 1 heure<\/time><\/span><br \/>\n<meta itemprop=\"dateModified\" content=\"2021-06-17\"\/><\/div>\n<\/div>\n<p><span class=\"ssb_inline-share_heading left\">Cet article vous a \u00e9t\u00e9 utile? Partagez le, il int\u00e9ressera d\u2019autres personnes. Merci!<\/span><\/p>\n<div class=\"simplesocialbuttons simplesocial-round-btm-border simplesocialbuttons_inline simplesocialbuttons-align-left post-672543 post simplesocialbuttons-inline-no-animation\"><button class=\"simplesocial-fb-share\" target=\"_blank\" data-href=\"https:\/\/www.facebook.com\/sharer\/sharer.php?u=https:\/\/www.tunisienumerique.com\/arp-election-des-membres-de-la-cour-constitutionnelle-prevue-a-partir-de-cette-date\/\" onclick=\"javascript:window.open(this.dataset.href, '', 'menubar=no,toolbar=no,resizable=yes,scrollbars=yes,height=600,width=600');return false;\"><span class=\"simplesocialtxt\">Facebook<\/span><\/button> <button class=\"simplesocial-twt-share\" data-href=\"https:\/\/twitter.com\/share?text=ARP+%3A+Election+des+membres+de+la+Cour+Constitutionnelle+pr%C3%A9vue+%C3%A0+partir+de+cette+date&amp;url=https:\/\/www.tunisienumerique.com\/arp-election-des-membres-de-la-cour-constitutionnelle-prevue-a-partir-de-cette-date\/\" rel=\"nofollow\" onclick=\"javascript:window.open(this.dataset.href, '', 'menubar=no,toolbar=no,resizable=yes,scrollbars=yes,height=600,width=600');return false;\"><span class=\"simplesocialtxt\">Twitter<\/span><\/button> <button target=\"popup\" class=\"simplesocial-linkedin-share\" data-href=\"https:\/\/www.linkedin.com\/cws\/share?url=https:\/\/www.tunisienumerique.com\/arp-election-des-membres-de-la-cour-constitutionnelle-prevue-a-partir-de-cette-date\/\" onclick=\"javascript:window.open(this.dataset.href, '', 'menubar=no,toolbar=no,resizable=yes,scrollbars=yes,height=600,width=600');return false;\"><span class=\"simplesocialtxt\">LinkedIn<\/span><\/button> <button onclick=\"javascript:window.open(this.dataset.href, '_blank' );return false;\" class=\"simplesocial-whatsapp-share\" data-href=\"https:\/\/api.whatsapp.com\/send?text=https:\/\/www.tunisienumerique.com\/arp-election-des-membres-de-la-cour-constitutionnelle-prevue-a-partir-de-cette-date\/\"><span class=\"simplesocialtxt\">WhatsApp<\/span><\/button><\/p>\n<\/div>\n<div class=\"code-block code-block-1 c4\">\n <ins class=\"adsbygoogle c3\" data-ad-layout=\"in-article\" data-ad-format=\"fluid\" data-ad-client=\"ca-pub-2102118777505746\" data-ad-slot=\"7301775417\"\/>\n<\/div>\n<p>Le Vice-pr\u00e9sident du cabinet de l\u2019ARP par ailleurs charg\u00e9 de la Communication, Maher Madhioub a d\u00e9clar\u00e9 lors d\u2019un point de presse tenu le 17 juin 2021, que deux s\u00e9ances pl\u00e9ni\u00e8res seront tenues les 1<sup>er<\/sup> et 8 juillet pour \u00e9lire le pr\u00e9sident de l\u2019Instance d\u2019acc\u00e8s \u00e0 l\u2019information et les trois membres restants de la Cours Constitutionnelle.<\/p>\n<p>Il convient de noter que les d\u00e9put\u00e9s vont discuter lors d\u2019une s\u00e9ance pl\u00e9ni\u00e8re pr\u00e9vue le 29 juin, le refus du pr\u00e9sident de la R\u00e9publique Kais Saied quant \u00e0 la signature de la loi portant cr\u00e9ation de la Cour Constitutionnelle, approuv\u00e9e par l\u2019ARP pour la deuxi\u00e8me fois apr\u00e8s l\u2019amendement des articles 10, 11 et 12 de la loi organique de l\u2019ann\u00e9e 2015 relative \u00e0 la cr\u00e9ation de ladite instance.<\/p>\n<p>Rappelons que l\u2019instance d\u2019acc\u00e8s \u00e0 l\u2019information a \u00e9t\u00e9 cr\u00e9\u00e9e en vertu de la loi organique n\u00b022 de l\u2019ann\u00e9e 2016 du 24 mars 2016 relative au droit d\u2019acc\u00e8s \u00e0 l\u2019information en vue de garantir l\u2019exercice de ce droit constitutionnel.<\/p>\n<p>Selon la m\u00eame source, la session du 8 juillet sera, \u00e9galement, consacr\u00e9e \u00e0 l\u2019\u00e9lection des membres de l\u2019Instance de bonne gouvernance et de la lutte contre la corruption.<\/p>\n<p>Cette instance constitutionnelle sera cr\u00e9\u00e9e en vertu de la loi approuv\u00e9e par le parlement en date du 19 juillet 2017.<\/p>\n<p><span class=\"ssb_inline-share_heading left\">Cet article vous a \u00e9t\u00e9 utile? Partagez le, il int\u00e9ressera d\u2019autres personnes. Merci!<\/span><\/p>\n<div class=\"simplesocialbuttons simplesocial-round-btm-border simplesocialbuttons_inline simplesocialbuttons-align-left post-672543 post simplesocialbuttons-inline-no-animation\"><button class=\"simplesocial-fb-share\" target=\"_blank\" data-href=\"https:\/\/www.facebook.com\/sharer\/sharer.php?u=https:\/\/www.tunisienumerique.com\/arp-election-des-membres-de-la-cour-constitutionnelle-prevue-a-partir-de-cette-date\/\" onclick=\"javascript:window.open(this.dataset.href, '', 'menubar=no,toolbar=no,resizable=yes,scrollbars=yes,height=600,width=600');return false;\"><span class=\"simplesocialtxt\">Facebook<\/span><\/button> <button class=\"simplesocial-twt-share\" data-href=\"https:\/\/twitter.com\/share?text=ARP+%3A+Election+des+membres+de+la+Cour+Constitutionnelle+pr%C3%A9vue+%C3%A0+partir+de+cette+date&amp;url=https:\/\/www.tunisienumerique.com\/arp-election-des-membres-de-la-cour-constitutionnelle-prevue-a-partir-de-cette-date\/\" rel=\"nofollow\" onclick=\"javascript:window.open(this.dataset.href, '', 'menubar=no,toolbar=no,resizable=yes,scrollbars=yes,height=600,width=600');return false;\"><span class=\"simplesocialtxt\">Twitter<\/span><\/button> <button target=\"popup\" class=\"simplesocial-linkedin-share\" data-href=\"https:\/\/www.linkedin.com\/cws\/share?url=https:\/\/www.tunisienumerique.com\/arp-election-des-membres-de-la-cour-constitutionnelle-prevue-a-partir-de-cette-date\/\" onclick=\"javascript:window.open(this.dataset.href, '', 'menubar=no,toolbar=no,resizable=yes,scrollbars=yes,height=600,width=600');return false;\"><span class=\"simplesocialtxt\">LinkedIn<\/span><\/button> <button onclick=\"javascript:window.open(this.dataset.href, '_blank' );return false;\" class=\"simplesocial-whatsapp-share\" data-href=\"https:\/\/api.whatsapp.com\/send?text=https:\/\/www.tunisienumerique.com\/arp-election-des-membres-de-la-cour-constitutionnelle-prevue-a-partir-de-cette-date\/\"><span class=\"simplesocialtxt\">WhatsApp<\/span><\/button><\/p>\n<\/div>\n<p><strong>Que se passe-t-il en Tunisie?<\/strong><br \/>Nous expliquons sur notre <a href=\"https:\/\/www.youtube.com\/channel\/UCRzypVq0B_yBad5eGrwBx0Q?sub_confirmation=1\" target=\"_blank\" rel=\"noopener\">cha\u00eene YouTube<\/a> . <a href=\"https:\/\/www.youtube.com\/channel\/UCRzypVq0B_yBad5eGrwBx0Q?sub_confirmation=1\" target=\"_blank\" rel=\"noopener\">Abonnez-vous!<\/a><\/p>\n<div class=\"mvp-org-wrap\" itemprop=\"publisher\">\n<div class=\"mvp-org-logo\" itemprop=\"logo\"><img decoding=\"async\" src=\"https:\/\/www.tunisienumerique.com\/wp-content\/uploads\/2017\/02\/logo_tunisie_numerique.png\"\/><br \/>\n<meta itemprop=\"url\" content=\"https:\/\/www.tunisienumerique.com\/wp-content\/uploads\/2017\/02\/logo_tunisie_numerique.png\"\/><\/div>\n<p><meta content=\"Tunisie\"\/><\/div>\n<div class=\"mvp-related-posts left relative\">\n<h4 class=\"post-header\"><span class=\"post-header\">Lire aussi<\/span><\/h4>\n<\/div>\n<div id=\"article-ad\">\n <ins class=\"adsbygoogle c5\" data-ad-client=\"ca-pub-2102118777505746\" data-ad-slot=\"6513972734\" data-ad-format=\"auto\" data-full-width-responsive=\"true\"\/>\n<\/div>\n<\/div>\n<div id=\"post-sidebar-wrap\">\n <ins class=\"adsbygoogle c5\" data-ad-client=\"ca-pub-2102118777505746\" data-ad-slot=\"6168283410\" data-ad-format=\"auto\" data-full-width-responsive=\"true\"\/>\n<\/div>\n<p>Auteur: rania ben slimane<br \/>\n<a href=\"https:\/\/www.tunisienumerique.com\/arp-election-des-membres-de-la-cour-constitutionnelle-prevue-a-partir-de-cette-date\/\">Cliquez ici pour lire l&rsquo;article depuis sa source.<\/a><\/p>\n","protected":false},"excerpt":{"rendered":"<p>Par rania ben slimane \u00a0| Il y a 1 heure Cet article vous a \u00e9t\u00e9 utile? Partagez le, il int\u00e9ressera d\u2019autres personnes. Merci! Facebook Twitter LinkedIn WhatsApp Le Vice-pr\u00e9sident du cabinet de l\u2019ARP par ailleurs charg\u00e9 de la Communication, Maher Madhioub a d\u00e9clar\u00e9 lors d\u2019un point de presse tenu le 17 juin 2021, que deux [&hellip;]<\/p>\n","protected":false},"author":1789,"featured_media":0,"comment_status":"closed","ping_status":"closed","sticky":false,"template":"","format":"standard","meta":{"fifu_image_url":"https:\/\/secure.gravatar.com\/avatar\/ea481d7287ad38ca1787f44b5bb1b70e?s=50&d=mm&r=g","fifu_image_alt":"ARP : Election des membres de la Cour Constitutionnelle pr\u00e9vue \u00e0 partir de cette date","footnotes":""},"categories":[73,55],"tags":[],"class_list":["post-118782","post","type-post","status-publish","format-standard","hentry","category-actualite","category-tunisie"],"_links":{"self":[{"href":"https:\/\/linitiative.ca\/International\/wp-json\/wp\/v2\/posts\/118782","targetHints":{"allow":["GET"]}}],"collection":[{"href":"https:\/\/linitiative.ca\/International\/wp-json\/wp\/v2\/posts"}],"about":[{"href":"https:\/\/linitiative.ca\/International\/wp-json\/wp\/v2\/types\/post"}],"author":[{"embeddable":true,"href":"https:\/\/linitiative.ca\/International\/wp-json\/wp\/v2\/users\/1789"}],"replies":[{"embeddable":true,"href":"https:\/\/linitiative.ca\/International\/wp-json\/wp\/v2\/comments?post=118782"}],"version-history":[{"count":0,"href":"https:\/\/linitiative.ca\/International\/wp-json\/wp\/v2\/posts\/118782\/revisions"}],"wp:attachment":[{"href":"https:\/\/linitiative.ca\/International\/wp-json\/wp\/v2\/media?parent=118782"}],"wp:term":[{"taxonomy":"category","embeddable":true,"href":"https:\/\/linitiative.ca\/International\/wp-json\/wp\/v2\/categories?post=118782"},{"taxonomy":"post_tag","embeddable":true,"href":"https:\/\/linitiative.ca\/International\/wp-json\/wp\/v2\/tags?post=118782"}],"curies":[{"name":"wp","href":"https:\/\/api.w.org\/{rel}","templated":true}]}}