{"id":118788,"date":"2021-06-17T03:54:01","date_gmt":"2021-06-17T07:54:01","guid":{"rendered":"https:\/\/linitiative.ca\/International\/il-enleve-une-mineure\/"},"modified":"2021-06-17T03:54:01","modified_gmt":"2021-06-17T07:54:01","slug":"il-enleve-une-mineure","status":"publish","type":"post","link":"https:\/\/linitiative.ca\/International\/il-enleve-une-mineure\/","title":{"rendered":"Il enl\u00e8ve une mineure"},"content":{"rendered":"<div class=\"td-post-featured-image\"><a href=\"https:\/\/www.sidwaya.info\/wp-content\/uploads\/2021\/06\/Au-coin-du-palais.jpg\" data-caption=\"\"><img loading=\"lazy\" decoding=\"async\" width=\"696\" height=\"464\" class=\"entry-thumb td-modal-image\" src=\"https:\/\/www.sidwaya.info\/wp-content\/uploads\/2021\/06\/Au-coin-du-palais-696x464.jpg\" srcset=\"https:\/\/www.sidwaya.info\/wp-content\/uploads\/2021\/06\/Au-coin-du-palais-696x464.jpg 696w, https:\/\/www.sidwaya.info\/wp-content\/uploads\/2021\/06\/Au-coin-du-palais-300x200.jpg 300w, https:\/\/www.sidwaya.info\/wp-content\/uploads\/2021\/06\/Au-coin-du-palais-768x512.jpg 768w, https:\/\/www.sidwaya.info\/wp-content\/uploads\/2021\/06\/Au-coin-du-palais-150x100.jpg 150w, https:\/\/www.sidwaya.info\/wp-content\/uploads\/2021\/06\/Au-coin-du-palais-630x420.jpg 630w, https:\/\/www.sidwaya.info\/wp-content\/uploads\/2021\/06\/Au-coin-du-palais.jpg 787w\" sizes=\"auto, (max-width: 696px) 100vw, 696px\" alt=\"\" title=\"Au coin du palais\"\/><\/a><\/div>\n<p>A son audience du lundi 14 juin 2021, la Cour d\u2019appel de Bobo-Dioulasso si\u00e9geant en assises criminelles \u00e0 Gaoua, a condamn\u00e9 D.B., absent \u00e0 l\u2019audience, \u00e0 une peine d\u2019emprisonnement de cinq ans assortis de sursis. En effet, il est reproch\u00e9 \u00e0 l\u2019accus\u00e9 d\u2019avoir enlev\u00e9 D.Ben en vue de la marier, courant 2010. Selon les enqu\u00eates pr\u00e9liminaires, D.B. a quitt\u00e9 une ville du Ghana o\u00f9 il m\u00e8ne ses activ\u00e9s pour venir enlever D. Ben, \u00e2g\u00e9e de 14 ans dans la commune de Nako, province du Poni, r\u00e9gion du Sud-Ouest.<\/p>\n<p>Lors de l\u2019enqu\u00eate, le pr\u00e9venu a dit ignorer l\u2019\u00e2ge de sa \u00ab dulcin\u00e9e \u00bb, mais a soutenu qu\u2019elle \u00e9tait consentante. Il a donc profit\u00e9 d\u2019une nuit de fun\u00e9railles pour extirper la victime. Selon lui, c\u2019est une pratique traditionnelle et il n\u2019a pas vu du mal en cela. Pour le procureur, il est important d\u2019imprimer le changement voulu par le l\u00e9gislateur face \u00e0 la pratique en sanctionnant s\u00e9v\u00e8rement l\u2019accus\u00e9. C\u2019est pourquoi, il a plaid\u00e9 pour une peine de cinq ans de prison dont trois assortis de sursis. Mais la Cour a estim\u00e9 que le pr\u00e9venu b\u00e9n\u00e9ficiait de circonstances att\u00e9nuantes, le condamnant \u00e0 la peine \u00e9voqu\u00e9e.<\/p>\n<hr\/>\n<p><strong>Elle provoque un accouchement et se d\u00e9barrasse du b\u00e9b\u00e9<\/strong><\/p>\n<p>N\u00e9e en 1990 \u00e0 Dissin dans la province du Ioba, O.Z. a comparu, le mardi 15 juin 2021, aux assises criminelles de la Cour d\u2019appel de Bobo-Dioulasso qui se tiennent \u00e0 Gaoua. Il est reproch\u00e9 \u00e0 dame O.Z, orpheline de p\u00e8re et de m\u00e8re, d\u2019avoir mis fin \u00e0 sa grossesse et jet\u00e9 le nouveau-n\u00e9 dans une fausse des latrines d\u2019une \u00e9cole primaire publique de Dissin, le 10 mai 2010. Selon son r\u00e9cit, elle s\u2019est inscrite en classe de 5e dans un \u00e9tablissement de la ville de Di\u00e9bougou en cours du soir. C\u2019est au cours de l\u2019ann\u00e9e scolaire 2009-2010, qu\u2019elle a rencontr\u00e9 un jeune chauffeur routier, T.J.B., avec qui elle a entretenu des rapports intimes jusqu\u2019\u00e0 la survenue d\u2019une grossesse.<\/p>\n<p>Elle a donc sugg\u00e9r\u00e9 \u00e0 son amoureux d\u2019aller voir ses parents pour r\u00e9gulariser leur situation. Ce que ce dernier a promis de faire au retour d\u2019un voyage qu\u2019il devait effectuer sur Bobo-Dioulasso. Mais un drame va survenir\u00a0: T.J.B. perd la vie lors d\u2019un accident de circulation durant le voyage. Apr\u00e8s les obs\u00e8ques, O.Z. rejoint Ouagadougou dans l\u2019objectif de rester dans sa belle-famille, le temps d\u2019accoucher, vu que selon sa coutume, elle ne peut pas aller dans sa propre famille avec cette grossesse. Mais sa belle-m\u00e8re n\u2019entend pas les choses de cette oreille et lui refuse l\u2019accueil, l\u2019accusant d\u2019\u00eatre la malchanceuse qui a provoqu\u00e9 le drame. Face \u00e0 ce dilemme, elle retourne \u00e0 Dissin et d\u00e9cide de mettre fin \u00e0 sa grossesse, quand bien m\u00eame que sa s\u0153ur et sa tante l\u2019avaient dissuad\u00e9e.<\/p>\n<p>C\u2019est ainsi qu\u2019elle se rend dans un village voisin, afin de se procurer un produit chez une vieille dame pour commettre son forfait. Dans la nuit du 9 au 10 mai 2010, elle provoque alors l\u2019accouchement sous l\u2019effet du produit et se d\u00e9barrasse du b\u00e9b\u00e9. Aujourd\u2019hui mari\u00e9e et m\u00e8re de trois enfants, elle a dit regrett\u00e9 cet acte commis par manque de maturit\u00e9 au moment des faits. Pour le procureur, O.Z. m\u00e9rite une s\u00e9v\u00e9rit\u00e9 surtout qu\u2019elle avait \u00e9t\u00e9 conseill\u00e9e. \u00ab\u00a0Cependant, en tenant compte de sa situation actuelle, une d\u00e9tention pourrait affecter les enfants, surtout qu\u2019elle-m\u00eame n\u2019a pas b\u00e9n\u00e9fici\u00e9 d\u2019affection maternelle\u00a0\u00bb, a fait remarquer le minist\u00e8re public. C\u2019est pourquoi, il a requis une peine d\u2019emprisonnement de cinq ans assortis de sursis. La cour a suivi cette r\u00e9quisition.<\/p>\n<hr\/>\n<p><strong>A la barre, un mois apr\u00e8s sa condamnation avec sursis<\/strong><\/p>\n<p>Condamn\u00e9 \u00e0 une peine d\u2019emprisonnement de 24 mois avec sursis, le 4 mai 2021 pour vol de sac, P.O., est revenu devant les juges de la Chambre correctionnelle du Tribunal de grande instance (TGI) de Banfora, le mardi 15 juin 2021, soit un peu plus d\u2019un mois apr\u00e8s, pour r\u00e9pondre encore de faits de vol, cette fois portant sur une motocyclette. A la barre, le pr\u00e9venu a reconnu les faits. Il a expliqu\u00e9 aux juges que c\u2019est apr\u00e8s une partie de bi\u00e8re et ne trouvant pas sa monture (un v\u00e9lo), qu\u2019il s\u2019est saisi d\u2019une moto pour rentrer chez lui. Pour le pr\u00e9sident du tribunal, l\u2019accus\u00e9 n\u2019a pas tenu parole lorsqu\u2019il promettait de se ressaisir lors du proc\u00e8s du 4 mai dernier.<\/p>\n<p>Pire, il a voulu se passer pour une autre personne sous une autre identit\u00e9 au moment de la commission du vol de la motocyclette. En statuant publiquement, contradictoirement, en mati\u00e8re correctionnelle et en premier ressort, le tribunal a \u00e9voqu\u00e9 le sursis de 24 mois qui pesait sur le pr\u00e9venu. Pour les nouveaux faits, P.O. a \u00e9t\u00e9 condamn\u00e9 \u00e0 une peine ferme de 36 mois de prison et \u00e0 une amende ferme d\u2019un million F CFA. En clair, il doit purger sa 1re peine de 24 mois qui devient ferme en plus des 36 \u00ab\u00a0nouveaux\u00a0\u00bb mois, soit un s\u00e9jour de 60 mois (5 ans) \u00e0 la Maison d\u2019arr\u00eat et de correction de Banfora.<\/p>\n<hr\/>\n<p><strong>Le r\u00e9cidiviste et le sac d\u2019\u00e9colier<\/strong><\/p>\n<p>Sorti de prison le 7 mai 2021 apr\u00e8s avoir purg\u00e9 une peine de trois ans, B.T., \u00e2g\u00e9 de 23 ans, est revenu \u00e0 la barre ce 15 juin 2021 pour r\u00e9pondre des faits de soustraction frauduleuse d\u2019un sac d\u2019\u00e9colier contenant des manuels et fournitures scolaires. Aux juges, il a expliqu\u00e9 avoir quitt\u00e9 nuitamment son village pour Banfora. A l\u2019entr\u00e9e de la ville, il a aper\u00e7u les habitants d\u2019une cour qui dormaient \u00e0 la belle \u00e9toile. C\u2019est l\u00e0 que l\u2019id\u00e9e lui est venue de commettre son forfait. Avant de passer \u00e0 l\u2019acte, il prend le soin, selon son r\u00e9cit, de garer sa motocyclette dans la cour d\u2019une \u00e9cole pour s\u2019introduire dans une des maisons et d\u00e9rober le sac d\u2019\u00e9colier.<\/p>\n<p>Mais ses mouvements ont attir\u00e9 l\u2019attention d\u2019un des habitants de la cour qui a cri\u00e9 au secours. Le pr\u00e9venu parvient \u00e0 se sauver en prenant ses jambes au cou. Quelques heures apr\u00e8s avoir fui, il revient sur ses pas pour r\u00e9cup\u00e9rer sa motocyclette. C\u2019est en ce moment qu\u2019il fut pris avec l\u2019objet vol\u00e9 en main. A la suite des d\u00e9bats, le tribunal, a accord\u00e9 un nouveau bail de 48 mois fermes \u00e0 B.T. Il est aussi condamn\u00e9 \u00e0 payer une amende ferme d\u2019un million F CFA.<\/p>\n<p class=\"c1\">Rassembl\u00e9s par <strong>Joseph HARO<\/strong><br \/><strong>Mamadou YERE (<\/strong>AIB\/Como\u00e9)<\/p>\n<div class=\"td-a-rec td-a-rec-id-content_bottom tdi_33_666 td_block_template_1\">\n<p><img loading=\"lazy\" decoding=\"async\" class=\"aligncenter size-full wp-image-27454\" src=\"https:\/\/www.sidwaya.info\/wp-content\/uploads\/2020\/10\/PUB-Bandeau-paiement-mobile-siteweb.jpg\" alt=\"\" width=\"728\" height=\"90\"\/><\/div>\n<p>Auteur: JK. Sidwaya<br \/>\n<a href=\"https:\/\/www.sidwaya.info\/blog\/2021\/06\/17\/il-enleve-une-mineure\/\">Cliquez ici pour lire l&rsquo;article depuis sa source.<\/a><\/p>\n","protected":false},"excerpt":{"rendered":"<p>A son audience du lundi 14 juin 2021, la Cour d\u2019appel de Bobo-Dioulasso si\u00e9geant en assises criminelles \u00e0 Gaoua, a condamn\u00e9 D.B., absent \u00e0 l\u2019audience, \u00e0 une peine d\u2019emprisonnement de cinq ans assortis de sursis. En effet, il est reproch\u00e9 \u00e0 l\u2019accus\u00e9 d\u2019avoir enlev\u00e9 D.Ben en vue de la marier, courant 2010. Selon les enqu\u00eates [&hellip;]<\/p>\n","protected":false},"author":1816,"featured_media":0,"comment_status":"closed","ping_status":"closed","sticky":false,"template":"","format":"standard","meta":{"fifu_image_url":"https:\/\/www.sidwaya.info\/wp-content\/uploads\/2021\/06\/Au-coin-du-palais-696x464.jpg","fifu_image_alt":"Il enl\u00e8ve une mineure","footnotes":""},"categories":[73,81],"tags":[],"class_list":["post-118788","post","type-post","status-publish","format-standard","hentry","category-actualite","category-burkina-faso"],"_links":{"self":[{"href":"https:\/\/linitiative.ca\/International\/wp-json\/wp\/v2\/posts\/118788","targetHints":{"allow":["GET"]}}],"collection":[{"href":"https:\/\/linitiative.ca\/International\/wp-json\/wp\/v2\/posts"}],"about":[{"href":"https:\/\/linitiative.ca\/International\/wp-json\/wp\/v2\/types\/post"}],"author":[{"embeddable":true,"href":"https:\/\/linitiative.ca\/International\/wp-json\/wp\/v2\/users\/1816"}],"replies":[{"embeddable":true,"href":"https:\/\/linitiative.ca\/International\/wp-json\/wp\/v2\/comments?post=118788"}],"version-history":[{"count":0,"href":"https:\/\/linitiative.ca\/International\/wp-json\/wp\/v2\/posts\/118788\/revisions"}],"wp:attachment":[{"href":"https:\/\/linitiative.ca\/International\/wp-json\/wp\/v2\/media?parent=118788"}],"wp:term":[{"taxonomy":"category","embeddable":true,"href":"https:\/\/linitiative.ca\/International\/wp-json\/wp\/v2\/categories?post=118788"},{"taxonomy":"post_tag","embeddable":true,"href":"https:\/\/linitiative.ca\/International\/wp-json\/wp\/v2\/tags?post=118788"}],"curies":[{"name":"wp","href":"https:\/\/api.w.org\/{rel}","templated":true}]}}