{"id":118789,"date":"2021-06-17T10:30:55","date_gmt":"2021-06-17T14:30:55","guid":{"rendered":"https:\/\/linitiative.ca\/International\/cohesion-sociale-roch-kabore-a-ouvert-le-dialogue-politique\/"},"modified":"2021-06-17T10:30:55","modified_gmt":"2021-06-17T14:30:55","slug":"cohesion-sociale-roch-kabore-a-ouvert-le-dialogue-politique","status":"publish","type":"post","link":"https:\/\/linitiative.ca\/International\/cohesion-sociale-roch-kabore-a-ouvert-le-dialogue-politique\/","title":{"rendered":"Coh\u00e9sion sociale: Roch Kabor\u00e9 a ouvert le dialogue politique"},"content":{"rendered":"<div class=\"td-post-featured-image\"><a href=\"https:\/\/www.sidwaya.info\/wp-content\/uploads\/2021\/06\/ab.jpg\" data-caption=\"\"><img loading=\"lazy\" decoding=\"async\" width=\"696\" height=\"426\" class=\"entry-thumb td-modal-image\" src=\"https:\/\/www.sidwaya.info\/wp-content\/uploads\/2021\/06\/ab-696x426.jpg\" srcset=\"https:\/\/www.sidwaya.info\/wp-content\/uploads\/2021\/06\/ab-696x426.jpg 696w, https:\/\/www.sidwaya.info\/wp-content\/uploads\/2021\/06\/ab-300x184.jpg 300w, https:\/\/www.sidwaya.info\/wp-content\/uploads\/2021\/06\/ab-768x470.jpg 768w, https:\/\/www.sidwaya.info\/wp-content\/uploads\/2021\/06\/ab-150x92.jpg 150w, https:\/\/www.sidwaya.info\/wp-content\/uploads\/2021\/06\/ab-686x420.jpg 686w, https:\/\/www.sidwaya.info\/wp-content\/uploads\/2021\/06\/ab.jpg 900w\" sizes=\"auto, (max-width: 696px) 100vw, 696px\" alt=\"\" title=\"ab\"\/><\/a><\/div>\n<p>Le pr\u00e9sident du Faso, Roch Marc Christian Kabor\u00e9, a proc\u00e9d\u00e9 ce jeudi matin \u00e0 l\u2019ouverture du dialogue politique. Pr\u00e9vue du 17 au 19 juin, la rencontre (qui r\u00e9unit les participants venus des partis de la majorit\u00e9 pr\u00e9sidentielle et ceux affili\u00e9s au CFOP), va permettre d\u2019 \u00e9changer, entre autres, sur la situation s\u00e9curitaire et la relecture par minima du code \u00e9lectoral du quota genre. <em>\u00ab\u00a0Le dialogue politique ob\u00e9it \u00e0 notre commune volont\u00e9 de consolider en permanence un consensus national (\u2026), en vue de renforcer la coh\u00e9sion des Burkinab\u00e8\u00a0<\/em>\u00bb, a rappel\u00e9 Roch Kabor\u00e9, dans son mot d\u2019ouverture.<\/p>\n<p>Le chef d\u2019 Etat\u00a0 a salu\u00e9 la maturit\u00e9 de la classe politique burkinab\u00e8 \u00ab <em>dont les contributions aux pr\u00e9c\u00e9dentes sessions du dialogue politique ont permis l\u2019organisation d\u2019\u00e9lections sereines en d\u00e9pit du contexte difficile \u00bb.<\/em> Il esp\u00e8re que les participants feront des propositions concr\u00e8tes lors de la pr\u00e9sente rencontre afin\u00a0 d\u2019 atteindre les \u00a0r\u00e9sultats escompt\u00e9s.<\/p>\n<p>AB<\/p>\n<div class=\"td-a-rec td-a-rec-id-content_bottom tdi_33_200 td_block_template_1\">\n<p><img loading=\"lazy\" decoding=\"async\" class=\"aligncenter size-full wp-image-27454\" src=\"https:\/\/www.sidwaya.info\/wp-content\/uploads\/2020\/10\/PUB-Bandeau-paiement-mobile-siteweb.jpg\" alt=\"\" width=\"728\" height=\"90\"\/><\/div>\n<p>Auteur: BANGRE SIDWAYA<br \/>\n<a href=\"https:\/\/www.sidwaya.info\/blog\/2021\/06\/17\/dialogue-politique-roch-kabore-a-ouvert-la-rencontre\/\">Cliquez ici pour lire l&rsquo;article depuis sa source.<\/a><\/p>\n","protected":false},"excerpt":{"rendered":"<p>Le pr\u00e9sident du Faso, Roch Marc Christian Kabor\u00e9, a proc\u00e9d\u00e9 ce jeudi matin \u00e0 l\u2019ouverture du dialogue politique. Pr\u00e9vue du 17 au 19 juin, la rencontre (qui r\u00e9unit les participants venus des partis de la majorit\u00e9 pr\u00e9sidentielle et ceux affili\u00e9s au CFOP), va permettre d\u2019 \u00e9changer, entre autres, sur la situation s\u00e9curitaire et la relecture [&hellip;]<\/p>\n","protected":false},"author":1816,"featured_media":0,"comment_status":"closed","ping_status":"closed","sticky":false,"template":"","format":"standard","meta":{"fifu_image_url":"https:\/\/www.sidwaya.info\/wp-content\/uploads\/2021\/06\/ab-696x426.jpg","fifu_image_alt":"Coh\u00e9sion sociale: Roch Kabor\u00e9 a ouvert le dialogue politique","footnotes":""},"categories":[73,81],"tags":[],"class_list":["post-118789","post","type-post","status-publish","format-standard","hentry","category-actualite","category-burkina-faso"],"_links":{"self":[{"href":"https:\/\/linitiative.ca\/International\/wp-json\/wp\/v2\/posts\/118789","targetHints":{"allow":["GET"]}}],"collection":[{"href":"https:\/\/linitiative.ca\/International\/wp-json\/wp\/v2\/posts"}],"about":[{"href":"https:\/\/linitiative.ca\/International\/wp-json\/wp\/v2\/types\/post"}],"author":[{"embeddable":true,"href":"https:\/\/linitiative.ca\/International\/wp-json\/wp\/v2\/users\/1816"}],"replies":[{"embeddable":true,"href":"https:\/\/linitiative.ca\/International\/wp-json\/wp\/v2\/comments?post=118789"}],"version-history":[{"count":0,"href":"https:\/\/linitiative.ca\/International\/wp-json\/wp\/v2\/posts\/118789\/revisions"}],"wp:attachment":[{"href":"https:\/\/linitiative.ca\/International\/wp-json\/wp\/v2\/media?parent=118789"}],"wp:term":[{"taxonomy":"category","embeddable":true,"href":"https:\/\/linitiative.ca\/International\/wp-json\/wp\/v2\/categories?post=118789"},{"taxonomy":"post_tag","embeddable":true,"href":"https:\/\/linitiative.ca\/International\/wp-json\/wp\/v2\/tags?post=118789"}],"curies":[{"name":"wp","href":"https:\/\/api.w.org\/{rel}","templated":true}]}}